{"id":82,"date":"2011-10-19T11:25:06","date_gmt":"2011-10-19T09:25:06","guid":{"rendered":"http:\/\/design-zentrum.de\/designblog\/?p=82"},"modified":"2011-10-19T11:25:06","modified_gmt":"2011-10-19T09:25:06","slug":"design-auf-der-buchmesse","status":"publish","type":"post","link":"https:\/\/www.design-zentrum.de\/designblog\/?p=82","title":{"rendered":"Design auf der Buchmesse"},"content":{"rendered":"<p>Auf der Website gibt sich die Frankfurter Buchmesse selbstbewusst: \u201e jedes Jahr im Oktober kommen alle zusammen und lassen Neues entstehen. Auf der Frankfurter Buchmesse treffen sich die Macher der Branche.&#8221; Und in der Tat freuen sich Autoren, Verleger und Leser immer wieder aufs Neue \u00fcber Quantit\u00e4t und Qualit\u00e4t des Angebots.<\/p>\n<p>Gerade in den Bereichen Fotografie, Mode, Architektur, Design und Kunst \u00fcberzeugt immer wieder die \u00fcberw\u00e4ltigende Qualit\u00e4t in der Ausf\u00fchrung der Publikationen. Pr\u00e4ziser Satz, professionelle Gestaltung, die sorgf\u00e4ltige Auswahl des richtigen Papiers, perfektes Buchdruckhandwerk und penible Buchbinderei machen viele der Neuerscheinungen zu optischen und haptischen Highlights. Hier wird der Umgang mit dem Buch auch jenseits des Inhaltes zu einem Genuss.<\/p>\n<p>Was bei den Ver\u00f6ffentlichungen in H\u00fclle und F\u00fclle gelingt, bei der Pr\u00e4sentation der B\u00fccher bleiben die Messebesucher bisweilen ratlos zur\u00fcck. Begriffe wie Standdesign oder Warenpr\u00e4sentation scheinen in der Verlagswelt noch nicht nachhaltig verankert. Dabei wissen es erfolgreiche Buchh\u00e4ndler l\u00e4ngst: Auch B\u00fccher wollen in einem zeitgem\u00e4\u00dfen Rahmen pr\u00e4sentiert sein und nicht in simplen Blechregalen verzweifelt Halt suchen. Nach einigen bitteren Erfahrungen in den Vorjahren w\u00fcnschen wir den vielen tollen Ver\u00f6ffentlichungen und den Messebesuchern diese Mal ein gut gestaltetes Umfeld.<\/p>\n<p>F\u00fcr weitere Informationen besuchen Sie bitte<br \/>\nstylepark.com<\/p>\n","protected":false},"excerpt":{"rendered":"<p>Auf der Website gibt sich die Frankfurter Buchmesse selbstbewusst: \u201e jedes Jahr im Oktober kommen alle zusammen und lassen Neues entstehen. Auf der Frankfurter Buchmesse treffen sich die Macher der Branche.&#8221; Und in der Tat freuen sich Autoren, Verleger und &hellip; <a href=\"https:\/\/www.design-zentrum.de\/designblog\/?p=82\">Weiterlesen <span class=\"meta-nav\">&rarr;<\/span><\/a><\/p>\n","protected":false},"author":1,"featured_media":0,"comment_status":"closed","ping_status":"open","sticky":false,"template":"","format":"standard","meta":{"footnotes":""},"categories":[3],"tags":[],"yoast_head":"<!-- This site is optimized with the Yoast SEO plugin v21.6 - https:\/\/yoast.com\/wordpress\/plugins\/seo\/ -->\n<title>Design auf der Buchmesse - Design Zentrum<\/title>\n<meta name=\"robots\" content=\"index, follow, max-snippet:-1, max-image-preview:large, max-video-preview:-1\" \/>\n<link rel=\"canonical\" href=\"https:\/\/www.design-zentrum.de\/designblog\/?p=82\" \/>\n<meta name=\"twitter:card\" content=\"summary_large_image\" \/>\n<meta name=\"twitter:title\" content=\"Design auf der Buchmesse - Design Zentrum\" \/>\n<meta name=\"twitter:description\" content=\"Auf der Website gibt sich die Frankfurter Buchmesse selbstbewusst: \u201e jedes Jahr im Oktober kommen alle zusammen und lassen Neues entstehen. Auf der Frankfurter Buchmesse treffen sich die Macher der Branche.&#8221; Und in der Tat freuen sich Autoren, Verleger und &hellip; Weiterlesen &rarr;\" \/>\n<meta name=\"twitter:label1\" content=\"Verfasst von\" \/>\n\t<meta name=\"twitter:data1\" content=\"admin\" \/>\n\t<meta name=\"twitter:label2\" content=\"Gesch\u00e4tzte Lesezeit\" \/>\n\t<meta name=\"twitter:data2\" content=\"1\u00a0Minute\" \/>\n<script type=\"application\/ld+json\" class=\"yoast-schema-graph\">{\"@context\":\"https:\/\/schema.org\",\"@graph\":[{\"@type\":\"WebPage\",\"@id\":\"https:\/\/www.design-zentrum.de\/designblog\/?p=82\",\"url\":\"https:\/\/www.design-zentrum.de\/designblog\/?p=82\",\"name\":\"Design auf der Buchmesse - Design Zentrum\",\"isPartOf\":{\"@id\":\"https:\/\/www.design-zentrum.de\/designblog\/#website\"},\"datePublished\":\"2011-10-19T09:25:06+00:00\",\"dateModified\":\"2011-10-19T09:25:06+00:00\",\"author\":{\"@id\":\"https:\/\/www.design-zentrum.de\/designblog\/#\/schema\/person\/532a008a1f1e0ba0485bb531d92ed5de\"},\"breadcrumb\":{\"@id\":\"https:\/\/www.design-zentrum.de\/designblog\/?p=82#breadcrumb\"},\"inLanguage\":\"de\",\"potentialAction\":[{\"@type\":\"ReadAction\",\"target\":[\"https:\/\/www.design-zentrum.de\/designblog\/?p=82\"]}]},{\"@type\":\"BreadcrumbList\",\"@id\":\"https:\/\/www.design-zentrum.de\/designblog\/?p=82#breadcrumb\",\"itemListElement\":[{\"@type\":\"ListItem\",\"position\":1,\"name\":\"Startseite\",\"item\":\"https:\/\/www.design-zentrum.de\/designblog\"},{\"@type\":\"ListItem\",\"position\":2,\"name\":\"Design auf der Buchmesse\"}]},{\"@type\":\"WebSite\",\"@id\":\"https:\/\/www.design-zentrum.de\/designblog\/#website\",\"url\":\"https:\/\/www.design-zentrum.de\/designblog\/\",\"name\":\"Design Zentrum\",\"description\":\"Informationsplattform f\u00fcr Designer und Unternehmen\",\"potentialAction\":[{\"@type\":\"SearchAction\",\"target\":{\"@type\":\"EntryPoint\",\"urlTemplate\":\"https:\/\/www.design-zentrum.de\/designblog\/?s={search_term_string}\"},\"query-input\":\"required name=search_term_string\"}],\"inLanguage\":\"de\"},{\"@type\":\"Person\",\"@id\":\"https:\/\/www.design-zentrum.de\/designblog\/#\/schema\/person\/532a008a1f1e0ba0485bb531d92ed5de\",\"name\":\"admin\",\"image\":{\"@type\":\"ImageObject\",\"inLanguage\":\"de\",\"@id\":\"https:\/\/www.design-zentrum.de\/designblog\/#\/schema\/person\/image\/\",\"url\":\"https:\/\/secure.gravatar.com\/avatar\/626f0cb7cc7b97b5da5c2f4586d3a97c?s=96&d=mm&r=g\",\"contentUrl\":\"https:\/\/secure.gravatar.com\/avatar\/626f0cb7cc7b97b5da5c2f4586d3a97c?s=96&d=mm&r=g\",\"caption\":\"admin\"},\"url\":\"https:\/\/www.design-zentrum.de\/designblog\/?author=1\"}]}<\/script>\n<!-- \/ Yoast SEO plugin. -->","yoast_head_json":{"title":"Design auf der Buchmesse - Design Zentrum","robots":{"index":"index","follow":"follow","max-snippet":"max-snippet:-1","max-image-preview":"max-image-preview:large","max-video-preview":"max-video-preview:-1"},"canonical":"https:\/\/www.design-zentrum.de\/designblog\/?p=82","twitter_card":"summary_large_image","twitter_title":"Design auf der Buchmesse - Design Zentrum","twitter_description":"Auf der Website gibt sich die Frankfurter Buchmesse selbstbewusst: \u201e jedes Jahr im Oktober kommen alle zusammen und lassen Neues entstehen. Auf der Frankfurter Buchmesse treffen sich die Macher der Branche.&#8221; Und in der Tat freuen sich Autoren, Verleger und &hellip; Weiterlesen &rarr;","twitter_misc":{"Verfasst von":"admin","Gesch\u00e4tzte Lesezeit":"1\u00a0Minute"},"schema":{"@context":"https:\/\/schema.org","@graph":[{"@type":"WebPage","@id":"https:\/\/www.design-zentrum.de\/designblog\/?p=82","url":"https:\/\/www.design-zentrum.de\/designblog\/?p=82","name":"Design auf der Buchmesse - Design Zentrum","isPartOf":{"@id":"https:\/\/www.design-zentrum.de\/designblog\/#website"},"datePublished":"2011-10-19T09:25:06+00:00","dateModified":"2011-10-19T09:25:06+00:00","author":{"@id":"https:\/\/www.design-zentrum.de\/designblog\/#\/schema\/person\/532a008a1f1e0ba0485bb531d92ed5de"},"breadcrumb":{"@id":"https:\/\/www.design-zentrum.de\/designblog\/?p=82#breadcrumb"},"inLanguage":"de","potentialAction":[{"@type":"ReadAction","target":["https:\/\/www.design-zentrum.de\/designblog\/?p=82"]}]},{"@type":"BreadcrumbList","@id":"https:\/\/www.design-zentrum.de\/designblog\/?p=82#breadcrumb","itemListElement":[{"@type":"ListItem","position":1,"name":"Startseite","item":"https:\/\/www.design-zentrum.de\/designblog"},{"@type":"ListItem","position":2,"name":"Design auf der Buchmesse"}]},{"@type":"WebSite","@id":"https:\/\/www.design-zentrum.de\/designblog\/#website","url":"https:\/\/www.design-zentrum.de\/designblog\/","name":"Design Zentrum","description":"Informationsplattform f\u00fcr Designer und Unternehmen","potentialAction":[{"@type":"SearchAction","target":{"@type":"EntryPoint","urlTemplate":"https:\/\/www.design-zentrum.de\/designblog\/?s={search_term_string}"},"query-input":"required name=search_term_string"}],"inLanguage":"de"},{"@type":"Person","@id":"https:\/\/www.design-zentrum.de\/designblog\/#\/schema\/person\/532a008a1f1e0ba0485bb531d92ed5de","name":"admin","image":{"@type":"ImageObject","inLanguage":"de","@id":"https:\/\/www.design-zentrum.de\/designblog\/#\/schema\/person\/image\/","url":"https:\/\/secure.gravatar.com\/avatar\/626f0cb7cc7b97b5da5c2f4586d3a97c?s=96&d=mm&r=g","contentUrl":"https:\/\/secure.gravatar.com\/avatar\/626f0cb7cc7b97b5da5c2f4586d3a97c?s=96&d=mm&r=g","caption":"admin"},"url":"https:\/\/www.design-zentrum.de\/designblog\/?author=1"}]}},"_links":{"self":[{"href":"https:\/\/www.design-zentrum.de\/designblog\/index.php?rest_route=\/wp\/v2\/posts\/82"}],"collection":[{"href":"https:\/\/www.design-zentrum.de\/designblog\/index.php?rest_route=\/wp\/v2\/posts"}],"about":[{"href":"https:\/\/www.design-zentrum.de\/designblog\/index.php?rest_route=\/wp\/v2\/types\/post"}],"author":[{"embeddable":true,"href":"https:\/\/www.design-zentrum.de\/designblog\/index.php?rest_route=\/wp\/v2\/users\/1"}],"replies":[{"embeddable":true,"href":"https:\/\/www.design-zentrum.de\/designblog\/index.php?rest_route=%2Fwp%2Fv2%2Fcomments&post=82"}],"version-history":[{"count":0,"href":"https:\/\/www.design-zentrum.de\/designblog\/index.php?rest_route=\/wp\/v2\/posts\/82\/revisions"}],"wp:attachment":[{"href":"https:\/\/www.design-zentrum.de\/designblog\/index.php?rest_route=%2Fwp%2Fv2%2Fmedia&parent=82"}],"wp:term":[{"taxonomy":"category","embeddable":true,"href":"https:\/\/www.design-zentrum.de\/designblog\/index.php?rest_route=%2Fwp%2Fv2%2Fcategories&post=82"},{"taxonomy":"post_tag","embeddable":true,"href":"https:\/\/www.design-zentrum.de\/designblog\/index.php?rest_route=%2Fwp%2Fv2%2Ftags&post=82"}],"curies":[{"name":"wp","href":"https:\/\/api.w.org\/{rel}","templated":true}]}}