{"id":67,"date":"2010-08-22T21:14:31","date_gmt":"2010-08-22T19:14:31","guid":{"rendered":"http:\/\/design-zentrum.de\/designblog\/?p=67"},"modified":"2012-05-07T01:03:30","modified_gmt":"2012-05-07T01:03:30","slug":"kunstpunkte-dusseldorf","status":"publish","type":"post","link":"https:\/\/www.design-zentrum.de\/designblog\/?p=67","title":{"rendered":"Kunstpunkte D\u00fcsseldorf"},"content":{"rendered":"<p><img decoding=\"async\" id=\"image66\" src=\"http:\/\/design-zentrum.de\/designblog\/wp-content\/uploads\/2010\/08\/kunstpunkte-duesseldorf.jpg\" alt=\"Kunstpunkte D\u00fcsseldorf\" \/><\/p>\n<p>Die Kunstpunkte D\u00fcsseldorf finden dieses Wochenende und kommendes Wochenende statt. Am 20. und 21. August und am 27. bis 28 August zeigen die D\u00fcsseldorfer K\u00fcnstler Ihre Werke. Man kann an diesen Tagen direkt die Akteure in Ihren Ateliers besuchen. Das hat den Vorteil, dass man auch die Gedanken und Hintergr\u00fcnde der Kunstwerke erleutert bekommt. Es gibt in D\u00fcsseldorf sogar ein Shuttle Service, der die verstreuten Kunstpunkte ansteuert. Zu sehen gibt es Gem\u00e4lde und Skulpturen von zahlreichen K\u00fcnstlern aus der Region. Michael Berger zeigt seine kinetischen Schmuck Arbeiten. Es gibt Liveevents von Musikern und anderen K\u00fcnstlern. In der Sittarder Stra\u00dfe 5 sind gleich zahlreiche K\u00fcnstler angesiedelt. Ein Besuch lohnt sich dort besonders, da viele Arbeiten an einem Kunstpunkt ausgestellt werden. Unsere Favoriten befanden sich in den unteren Etagen, in denen besonders farbenfrohe und plastisch dargestellte Gem\u00e4lde zusehen waren. Aber auch ein Besuch in den Atelierh\u00e4user in der Lierenfelder Strasse 39 und in der Himmelgeister Strasse 107 sind sehr lohnenswert.<\/p>\n","protected":false},"excerpt":{"rendered":"<p>Die Kunstpunkte D\u00fcsseldorf finden dieses Wochenende und kommendes Wochenende statt. Am 20. und 21. August und am 27. bis 28 August zeigen die D\u00fcsseldorfer K\u00fcnstler Ihre Werke. Man kann an diesen Tagen direkt die Akteure in Ihren Ateliers besuchen. Das &hellip; <a href=\"https:\/\/www.design-zentrum.de\/designblog\/?p=67\">Weiterlesen <span class=\"meta-nav\">&rarr;<\/span><\/a><\/p>\n","protected":false},"author":1,"featured_media":0,"comment_status":"open","ping_status":"open","sticky":false,"template":"","format":"standard","meta":{"footnotes":""},"categories":[3],"tags":[25,24,23],"yoast_head":"<!-- This site is optimized with the Yoast SEO plugin v21.6 - https:\/\/yoast.com\/wordpress\/plugins\/seo\/ -->\n<title>Kunstpunkte D\u00fcsseldorf - Design Zentrum<\/title>\n<meta name=\"robots\" content=\"index, follow, max-snippet:-1, max-image-preview:large, max-video-preview:-1\" \/>\n<link rel=\"canonical\" href=\"https:\/\/www.design-zentrum.de\/designblog\/?p=67\" \/>\n<meta name=\"twitter:card\" content=\"summary_large_image\" \/>\n<meta name=\"twitter:title\" content=\"Kunstpunkte D\u00fcsseldorf - Design Zentrum\" \/>\n<meta name=\"twitter:description\" content=\"Die Kunstpunkte D\u00fcsseldorf finden dieses Wochenende und kommendes Wochenende statt. Am 20. und 21. August und am 27. bis 28 August zeigen die D\u00fcsseldorfer K\u00fcnstler Ihre Werke. Man kann an diesen Tagen direkt die Akteure in Ihren Ateliers besuchen. Das &hellip; Weiterlesen &rarr;\" \/>\n<meta name=\"twitter:image\" content=\"http:\/\/design-zentrum.de\/designblog\/wp-content\/uploads\/2010\/08\/kunstpunkte-duesseldorf.jpg\" \/>\n<meta name=\"twitter:label1\" content=\"Verfasst von\" \/>\n\t<meta name=\"twitter:data1\" content=\"admin\" \/>\n\t<meta name=\"twitter:label2\" content=\"Gesch\u00e4tzte Lesezeit\" \/>\n\t<meta name=\"twitter:data2\" content=\"1\u00a0Minute\" \/>\n<script type=\"application\/ld+json\" class=\"yoast-schema-graph\">{\"@context\":\"https:\/\/schema.org\",\"@graph\":[{\"@type\":\"WebPage\",\"@id\":\"https:\/\/www.design-zentrum.de\/designblog\/?p=67\",\"url\":\"https:\/\/www.design-zentrum.de\/designblog\/?p=67\",\"name\":\"Kunstpunkte D\u00fcsseldorf - Design Zentrum\",\"isPartOf\":{\"@id\":\"https:\/\/www.design-zentrum.de\/designblog\/#website\"},\"datePublished\":\"2010-08-22T19:14:31+00:00\",\"dateModified\":\"2012-05-07T01:03:30+00:00\",\"author\":{\"@id\":\"https:\/\/www.design-zentrum.de\/designblog\/#\/schema\/person\/532a008a1f1e0ba0485bb531d92ed5de\"},\"breadcrumb\":{\"@id\":\"https:\/\/www.design-zentrum.de\/designblog\/?p=67#breadcrumb\"},\"inLanguage\":\"de\",\"potentialAction\":[{\"@type\":\"ReadAction\",\"target\":[\"https:\/\/www.design-zentrum.de\/designblog\/?p=67\"]}]},{\"@type\":\"BreadcrumbList\",\"@id\":\"https:\/\/www.design-zentrum.de\/designblog\/?p=67#breadcrumb\",\"itemListElement\":[{\"@type\":\"ListItem\",\"position\":1,\"name\":\"Startseite\",\"item\":\"https:\/\/www.design-zentrum.de\/designblog\"},{\"@type\":\"ListItem\",\"position\":2,\"name\":\"Kunstpunkte D\u00fcsseldorf\"}]},{\"@type\":\"WebSite\",\"@id\":\"https:\/\/www.design-zentrum.de\/designblog\/#website\",\"url\":\"https:\/\/www.design-zentrum.de\/designblog\/\",\"name\":\"Design Zentrum\",\"description\":\"Informationsplattform f\u00fcr Designer und Unternehmen\",\"potentialAction\":[{\"@type\":\"SearchAction\",\"target\":{\"@type\":\"EntryPoint\",\"urlTemplate\":\"https:\/\/www.design-zentrum.de\/designblog\/?s={search_term_string}\"},\"query-input\":\"required name=search_term_string\"}],\"inLanguage\":\"de\"},{\"@type\":\"Person\",\"@id\":\"https:\/\/www.design-zentrum.de\/designblog\/#\/schema\/person\/532a008a1f1e0ba0485bb531d92ed5de\",\"name\":\"admin\",\"image\":{\"@type\":\"ImageObject\",\"inLanguage\":\"de\",\"@id\":\"https:\/\/www.design-zentrum.de\/designblog\/#\/schema\/person\/image\/\",\"url\":\"https:\/\/secure.gravatar.com\/avatar\/626f0cb7cc7b97b5da5c2f4586d3a97c?s=96&d=mm&r=g\",\"contentUrl\":\"https:\/\/secure.gravatar.com\/avatar\/626f0cb7cc7b97b5da5c2f4586d3a97c?s=96&d=mm&r=g\",\"caption\":\"admin\"},\"url\":\"https:\/\/www.design-zentrum.de\/designblog\/?author=1\"}]}<\/script>\n<!-- \/ Yoast SEO plugin. -->","yoast_head_json":{"title":"Kunstpunkte D\u00fcsseldorf - Design Zentrum","robots":{"index":"index","follow":"follow","max-snippet":"max-snippet:-1","max-image-preview":"max-image-preview:large","max-video-preview":"max-video-preview:-1"},"canonical":"https:\/\/www.design-zentrum.de\/designblog\/?p=67","twitter_card":"summary_large_image","twitter_title":"Kunstpunkte D\u00fcsseldorf - Design Zentrum","twitter_description":"Die Kunstpunkte D\u00fcsseldorf finden dieses Wochenende und kommendes Wochenende statt. Am 20. und 21. August und am 27. bis 28 August zeigen die D\u00fcsseldorfer K\u00fcnstler Ihre Werke. Man kann an diesen Tagen direkt die Akteure in Ihren Ateliers besuchen. Das &hellip; Weiterlesen &rarr;","twitter_image":"http:\/\/design-zentrum.de\/designblog\/wp-content\/uploads\/2010\/08\/kunstpunkte-duesseldorf.jpg","twitter_misc":{"Verfasst von":"admin","Gesch\u00e4tzte Lesezeit":"1\u00a0Minute"},"schema":{"@context":"https:\/\/schema.org","@graph":[{"@type":"WebPage","@id":"https:\/\/www.design-zentrum.de\/designblog\/?p=67","url":"https:\/\/www.design-zentrum.de\/designblog\/?p=67","name":"Kunstpunkte D\u00fcsseldorf - Design Zentrum","isPartOf":{"@id":"https:\/\/www.design-zentrum.de\/designblog\/#website"},"datePublished":"2010-08-22T19:14:31+00:00","dateModified":"2012-05-07T01:03:30+00:00","author":{"@id":"https:\/\/www.design-zentrum.de\/designblog\/#\/schema\/person\/532a008a1f1e0ba0485bb531d92ed5de"},"breadcrumb":{"@id":"https:\/\/www.design-zentrum.de\/designblog\/?p=67#breadcrumb"},"inLanguage":"de","potentialAction":[{"@type":"ReadAction","target":["https:\/\/www.design-zentrum.de\/designblog\/?p=67"]}]},{"@type":"BreadcrumbList","@id":"https:\/\/www.design-zentrum.de\/designblog\/?p=67#breadcrumb","itemListElement":[{"@type":"ListItem","position":1,"name":"Startseite","item":"https:\/\/www.design-zentrum.de\/designblog"},{"@type":"ListItem","position":2,"name":"Kunstpunkte D\u00fcsseldorf"}]},{"@type":"WebSite","@id":"https:\/\/www.design-zentrum.de\/designblog\/#website","url":"https:\/\/www.design-zentrum.de\/designblog\/","name":"Design Zentrum","description":"Informationsplattform f\u00fcr Designer und Unternehmen","potentialAction":[{"@type":"SearchAction","target":{"@type":"EntryPoint","urlTemplate":"https:\/\/www.design-zentrum.de\/designblog\/?s={search_term_string}"},"query-input":"required name=search_term_string"}],"inLanguage":"de"},{"@type":"Person","@id":"https:\/\/www.design-zentrum.de\/designblog\/#\/schema\/person\/532a008a1f1e0ba0485bb531d92ed5de","name":"admin","image":{"@type":"ImageObject","inLanguage":"de","@id":"https:\/\/www.design-zentrum.de\/designblog\/#\/schema\/person\/image\/","url":"https:\/\/secure.gravatar.com\/avatar\/626f0cb7cc7b97b5da5c2f4586d3a97c?s=96&d=mm&r=g","contentUrl":"https:\/\/secure.gravatar.com\/avatar\/626f0cb7cc7b97b5da5c2f4586d3a97c?s=96&d=mm&r=g","caption":"admin"},"url":"https:\/\/www.design-zentrum.de\/designblog\/?author=1"}]}},"_links":{"self":[{"href":"https:\/\/www.design-zentrum.de\/designblog\/index.php?rest_route=\/wp\/v2\/posts\/67"}],"collection":[{"href":"https:\/\/www.design-zentrum.de\/designblog\/index.php?rest_route=\/wp\/v2\/posts"}],"about":[{"href":"https:\/\/www.design-zentrum.de\/designblog\/index.php?rest_route=\/wp\/v2\/types\/post"}],"author":[{"embeddable":true,"href":"https:\/\/www.design-zentrum.de\/designblog\/index.php?rest_route=\/wp\/v2\/users\/1"}],"replies":[{"embeddable":true,"href":"https:\/\/www.design-zentrum.de\/designblog\/index.php?rest_route=%2Fwp%2Fv2%2Fcomments&post=67"}],"version-history":[{"count":1,"href":"https:\/\/www.design-zentrum.de\/designblog\/index.php?rest_route=\/wp\/v2\/posts\/67\/revisions"}],"predecessor-version":[{"id":100,"href":"https:\/\/www.design-zentrum.de\/designblog\/index.php?rest_route=\/wp\/v2\/posts\/67\/revisions\/100"}],"wp:attachment":[{"href":"https:\/\/www.design-zentrum.de\/designblog\/index.php?rest_route=%2Fwp%2Fv2%2Fmedia&parent=67"}],"wp:term":[{"taxonomy":"category","embeddable":true,"href":"https:\/\/www.design-zentrum.de\/designblog\/index.php?rest_route=%2Fwp%2Fv2%2Fcategories&post=67"},{"taxonomy":"post_tag","embeddable":true,"href":"https:\/\/www.design-zentrum.de\/designblog\/index.php?rest_route=%2Fwp%2Fv2%2Ftags&post=67"}],"curies":[{"name":"wp","href":"https:\/\/api.w.org\/{rel}","templated":true}]}}