{"id":58,"date":"2010-06-09T14:15:02","date_gmt":"2010-06-09T12:15:02","guid":{"rendered":"http:\/\/design-zentrum.de\/designblog\/?p=58"},"modified":"2010-06-09T14:15:02","modified_gmt":"2010-06-09T12:15:02","slug":"bauhaus-designworkshop","status":"publish","type":"post","link":"https:\/\/www.design-zentrum.de\/designblog\/?p=58","title":{"rendered":"Bauhaus Designworkshop"},"content":{"rendered":"<p>Machen Sie mit bei dem Bauhaus Designworkshop. Diese Woche findet der erste BAUHAUS live Designworkshop in Berlin statt, diesmal unter der Leitung von Werner Aisslinger. Wir m\u00f6chten Sie ganz herzlich einladen, uns zu besuchen und sich einen Eindruck von der Veranstaltung zu machen! Daf\u00fcr gibt es verschiedene M\u00f6glichkeiten: am Samstag, den 12.06. ab 17.00h werden die Ergebnisse des Workshops im Rahmen des DMY Design Festivals im Bauhaus Archiv bei einer Finissage mit Bar und Barbecue der \u00d6ffentlichkeit pr\u00e4sentiert; hierzu laden wir Sie nat\u00fcrlich in jedem Fall ganz herzlich ein! Am Samstag um 18.00h findet im Bauhaus Archiv eine Pressekonferenz statt. Alternativ k\u00f6nnen Sie nat\u00fcrlich auch gern w\u00e4hrend der Woche nach vorheriger Terminabsprache mit uns den Workshop als &#8216;work in progress&#8217; live erleben.<\/p>\n<p>Hier noch ein paar Informationen zum Workshop:<\/p>\n<p>&#8216;My Visionary Bauhaus&#8217; mit Werner Aisslinger<br \/>\nDer Geist und die Ziele des Bauhaus sind heute aktueller denn je. Als Kulminationspunkt interdisziplin\u00e4rer Inspiration zeigt das Bauhaus auch und besonders heute jungen Gestaltern Wege in die Zukunft &#8211; aus diesem Grund startet das Bauhaus Archiv Berlin in Kooperation mit Hidden Fortress und Faces of Design im Juni 2010 eine Reihe interdisziplin\u00e4rer Designworkshops in Berlin.<\/p>\n<p>Vom 07. bis 11.06.2010 findet der erste dieser Workshops unter Leitung von Werner Aisslinger statt; die Ergebnisse werden w\u00e4hrend des DMY Berlin Design Festivals am 12.06. \u00f6ffentlich pr\u00e4sentiert. Alle weiteren Informationen zum Programm und zur Teilnahme finden Sie auf facesofdesign.com\/workshop\/bauhaus-live<\/p>\n<p>Wir freuen uns auf Sie!<\/p>\n<p>Mit herzlichen Gr\u00fc\u00dfen,<br \/>\nAnna Rojahn &#038; Ingo Strobel<\/p>\n","protected":false},"excerpt":{"rendered":"<p>Machen Sie mit bei dem Bauhaus Designworkshop. Diese Woche findet der erste BAUHAUS live Designworkshop in Berlin statt, diesmal unter der Leitung von Werner Aisslinger. Wir m\u00f6chten Sie ganz herzlich einladen, uns zu besuchen und sich einen Eindruck von der &hellip; <a href=\"https:\/\/www.design-zentrum.de\/designblog\/?p=58\">Weiterlesen <span class=\"meta-nav\">&rarr;<\/span><\/a><\/p>\n","protected":false},"author":1,"featured_media":0,"comment_status":"open","ping_status":"open","sticky":false,"template":"","format":"standard","meta":{"footnotes":""},"categories":[1],"tags":[],"yoast_head":"<!-- This site is optimized with the Yoast SEO plugin v21.6 - https:\/\/yoast.com\/wordpress\/plugins\/seo\/ -->\n<title>Bauhaus Designworkshop - Design Zentrum<\/title>\n<meta name=\"robots\" content=\"index, follow, max-snippet:-1, max-image-preview:large, max-video-preview:-1\" \/>\n<link rel=\"canonical\" href=\"https:\/\/www.design-zentrum.de\/designblog\/?p=58\" \/>\n<meta name=\"twitter:card\" content=\"summary_large_image\" \/>\n<meta name=\"twitter:title\" content=\"Bauhaus Designworkshop - Design Zentrum\" \/>\n<meta name=\"twitter:description\" content=\"Machen Sie mit bei dem Bauhaus Designworkshop. Diese Woche findet der erste BAUHAUS live Designworkshop in Berlin statt, diesmal unter der Leitung von Werner Aisslinger. Wir m\u00f6chten Sie ganz herzlich einladen, uns zu besuchen und sich einen Eindruck von der &hellip; Weiterlesen &rarr;\" \/>\n<meta name=\"twitter:label1\" content=\"Verfasst von\" \/>\n\t<meta name=\"twitter:data1\" content=\"admin\" \/>\n\t<meta name=\"twitter:label2\" content=\"Gesch\u00e4tzte Lesezeit\" \/>\n\t<meta name=\"twitter:data2\" content=\"1\u00a0Minute\" \/>\n<script type=\"application\/ld+json\" class=\"yoast-schema-graph\">{\"@context\":\"https:\/\/schema.org\",\"@graph\":[{\"@type\":\"WebPage\",\"@id\":\"https:\/\/www.design-zentrum.de\/designblog\/?p=58\",\"url\":\"https:\/\/www.design-zentrum.de\/designblog\/?p=58\",\"name\":\"Bauhaus Designworkshop - Design Zentrum\",\"isPartOf\":{\"@id\":\"https:\/\/www.design-zentrum.de\/designblog\/#website\"},\"datePublished\":\"2010-06-09T12:15:02+00:00\",\"dateModified\":\"2010-06-09T12:15:02+00:00\",\"author\":{\"@id\":\"https:\/\/www.design-zentrum.de\/designblog\/#\/schema\/person\/532a008a1f1e0ba0485bb531d92ed5de\"},\"breadcrumb\":{\"@id\":\"https:\/\/www.design-zentrum.de\/designblog\/?p=58#breadcrumb\"},\"inLanguage\":\"de\",\"potentialAction\":[{\"@type\":\"ReadAction\",\"target\":[\"https:\/\/www.design-zentrum.de\/designblog\/?p=58\"]}]},{\"@type\":\"BreadcrumbList\",\"@id\":\"https:\/\/www.design-zentrum.de\/designblog\/?p=58#breadcrumb\",\"itemListElement\":[{\"@type\":\"ListItem\",\"position\":1,\"name\":\"Startseite\",\"item\":\"https:\/\/www.design-zentrum.de\/designblog\"},{\"@type\":\"ListItem\",\"position\":2,\"name\":\"Bauhaus Designworkshop\"}]},{\"@type\":\"WebSite\",\"@id\":\"https:\/\/www.design-zentrum.de\/designblog\/#website\",\"url\":\"https:\/\/www.design-zentrum.de\/designblog\/\",\"name\":\"Design Zentrum\",\"description\":\"Informationsplattform f\u00fcr Designer und Unternehmen\",\"potentialAction\":[{\"@type\":\"SearchAction\",\"target\":{\"@type\":\"EntryPoint\",\"urlTemplate\":\"https:\/\/www.design-zentrum.de\/designblog\/?s={search_term_string}\"},\"query-input\":\"required name=search_term_string\"}],\"inLanguage\":\"de\"},{\"@type\":\"Person\",\"@id\":\"https:\/\/www.design-zentrum.de\/designblog\/#\/schema\/person\/532a008a1f1e0ba0485bb531d92ed5de\",\"name\":\"admin\",\"image\":{\"@type\":\"ImageObject\",\"inLanguage\":\"de\",\"@id\":\"https:\/\/www.design-zentrum.de\/designblog\/#\/schema\/person\/image\/\",\"url\":\"https:\/\/secure.gravatar.com\/avatar\/626f0cb7cc7b97b5da5c2f4586d3a97c?s=96&d=mm&r=g\",\"contentUrl\":\"https:\/\/secure.gravatar.com\/avatar\/626f0cb7cc7b97b5da5c2f4586d3a97c?s=96&d=mm&r=g\",\"caption\":\"admin\"},\"url\":\"https:\/\/www.design-zentrum.de\/designblog\/?author=1\"}]}<\/script>\n<!-- \/ Yoast SEO plugin. -->","yoast_head_json":{"title":"Bauhaus Designworkshop - Design Zentrum","robots":{"index":"index","follow":"follow","max-snippet":"max-snippet:-1","max-image-preview":"max-image-preview:large","max-video-preview":"max-video-preview:-1"},"canonical":"https:\/\/www.design-zentrum.de\/designblog\/?p=58","twitter_card":"summary_large_image","twitter_title":"Bauhaus Designworkshop - Design Zentrum","twitter_description":"Machen Sie mit bei dem Bauhaus Designworkshop. Diese Woche findet der erste BAUHAUS live Designworkshop in Berlin statt, diesmal unter der Leitung von Werner Aisslinger. Wir m\u00f6chten Sie ganz herzlich einladen, uns zu besuchen und sich einen Eindruck von der &hellip; Weiterlesen &rarr;","twitter_misc":{"Verfasst von":"admin","Gesch\u00e4tzte Lesezeit":"1\u00a0Minute"},"schema":{"@context":"https:\/\/schema.org","@graph":[{"@type":"WebPage","@id":"https:\/\/www.design-zentrum.de\/designblog\/?p=58","url":"https:\/\/www.design-zentrum.de\/designblog\/?p=58","name":"Bauhaus Designworkshop - Design Zentrum","isPartOf":{"@id":"https:\/\/www.design-zentrum.de\/designblog\/#website"},"datePublished":"2010-06-09T12:15:02+00:00","dateModified":"2010-06-09T12:15:02+00:00","author":{"@id":"https:\/\/www.design-zentrum.de\/designblog\/#\/schema\/person\/532a008a1f1e0ba0485bb531d92ed5de"},"breadcrumb":{"@id":"https:\/\/www.design-zentrum.de\/designblog\/?p=58#breadcrumb"},"inLanguage":"de","potentialAction":[{"@type":"ReadAction","target":["https:\/\/www.design-zentrum.de\/designblog\/?p=58"]}]},{"@type":"BreadcrumbList","@id":"https:\/\/www.design-zentrum.de\/designblog\/?p=58#breadcrumb","itemListElement":[{"@type":"ListItem","position":1,"name":"Startseite","item":"https:\/\/www.design-zentrum.de\/designblog"},{"@type":"ListItem","position":2,"name":"Bauhaus Designworkshop"}]},{"@type":"WebSite","@id":"https:\/\/www.design-zentrum.de\/designblog\/#website","url":"https:\/\/www.design-zentrum.de\/designblog\/","name":"Design Zentrum","description":"Informationsplattform f\u00fcr Designer und Unternehmen","potentialAction":[{"@type":"SearchAction","target":{"@type":"EntryPoint","urlTemplate":"https:\/\/www.design-zentrum.de\/designblog\/?s={search_term_string}"},"query-input":"required name=search_term_string"}],"inLanguage":"de"},{"@type":"Person","@id":"https:\/\/www.design-zentrum.de\/designblog\/#\/schema\/person\/532a008a1f1e0ba0485bb531d92ed5de","name":"admin","image":{"@type":"ImageObject","inLanguage":"de","@id":"https:\/\/www.design-zentrum.de\/designblog\/#\/schema\/person\/image\/","url":"https:\/\/secure.gravatar.com\/avatar\/626f0cb7cc7b97b5da5c2f4586d3a97c?s=96&d=mm&r=g","contentUrl":"https:\/\/secure.gravatar.com\/avatar\/626f0cb7cc7b97b5da5c2f4586d3a97c?s=96&d=mm&r=g","caption":"admin"},"url":"https:\/\/www.design-zentrum.de\/designblog\/?author=1"}]}},"_links":{"self":[{"href":"https:\/\/www.design-zentrum.de\/designblog\/index.php?rest_route=\/wp\/v2\/posts\/58"}],"collection":[{"href":"https:\/\/www.design-zentrum.de\/designblog\/index.php?rest_route=\/wp\/v2\/posts"}],"about":[{"href":"https:\/\/www.design-zentrum.de\/designblog\/index.php?rest_route=\/wp\/v2\/types\/post"}],"author":[{"embeddable":true,"href":"https:\/\/www.design-zentrum.de\/designblog\/index.php?rest_route=\/wp\/v2\/users\/1"}],"replies":[{"embeddable":true,"href":"https:\/\/www.design-zentrum.de\/designblog\/index.php?rest_route=%2Fwp%2Fv2%2Fcomments&post=58"}],"version-history":[{"count":0,"href":"https:\/\/www.design-zentrum.de\/designblog\/index.php?rest_route=\/wp\/v2\/posts\/58\/revisions"}],"wp:attachment":[{"href":"https:\/\/www.design-zentrum.de\/designblog\/index.php?rest_route=%2Fwp%2Fv2%2Fmedia&parent=58"}],"wp:term":[{"taxonomy":"category","embeddable":true,"href":"https:\/\/www.design-zentrum.de\/designblog\/index.php?rest_route=%2Fwp%2Fv2%2Fcategories&post=58"},{"taxonomy":"post_tag","embeddable":true,"href":"https:\/\/www.design-zentrum.de\/designblog\/index.php?rest_route=%2Fwp%2Fv2%2Ftags&post=58"}],"curies":[{"name":"wp","href":"https:\/\/api.w.org\/{rel}","templated":true}]}}