{"id":391,"date":"2025-12-08T01:39:26","date_gmt":"2025-12-08T01:39:26","guid":{"rendered":"https:\/\/www.design-zentrum.de\/designblog\/?p=391"},"modified":"2025-12-08T01:39:29","modified_gmt":"2025-12-08T01:39:29","slug":"mode-und-innovation-im-design-zentrum","status":"publish","type":"post","link":"https:\/\/www.design-zentrum.de\/designblog\/?p=391","title":{"rendered":"Mode und Innovation im Design-Zentrum"},"content":{"rendered":"\n<p>Die Zukunft der Mode entsteht mitten in Hamburg: Seit Mai 2024 ist <strong>FABRIC \u2013 Future Fashion Lab<\/strong> der neue Treffpunkt f\u00fcr alle, die in der Stadt an den Schnittstellen von urbaner Produktion, nachhaltiger Mode und kreativer Innovation arbeiten. Mit diesem Projekt setzt die <strong>Hamburg Kreativ Gesellschaft<\/strong> ein starkes Zeichen: Mode- und Textildesigner*innen sollen gezielt gef\u00f6rdert und Hamburg als bedeutender Modestandort weiter ausgebaut werden.<\/p>\n\n\n\n<h3 class=\"wp-block-heading\">Von der Innenstadtinitiative zum festen Bestandteil des Design Zentrums<\/h3>\n\n\n\n<p>Urspr\u00fcnglich wurde FABRIC im Rahmen des Programms <em>\u201eVerborgene Potenziale der Innenstadt\u201c<\/em> der Beh\u00f6rde f\u00fcr Stadtentwicklung und Wohnen entwickelt. Die Idee: ungenutzte R\u00e4ume kreativ aktivieren und neue Impulse f\u00fcr die Innenstadt schaffen \u2013 ein Konzept, das offenbar aufging.<\/p>\n\n\n\n<p>Jetzt steht ein wichtiger Schritt bevor: <strong>Ab 2026 beginnt eine neue Phase<\/strong>, denn FABRIC wird k\u00fcnftig offiziell Teil des <strong>Design Zentrums<\/strong>. Damit r\u00fcckt das Projekt noch st\u00e4rker in den Fokus der Hamburger Design- und Modebranche und erh\u00e4lt eine langfristige Perspektive.<\/p>\n\n\n\n<h3 class=\"wp-block-heading\">Noch mehr Fokus auf Nachhaltigkeit und Start-up-F\u00f6rderung<\/h3>\n\n\n\n<p>Mit der kommenden Neuausrichtung sollen vor allem zwei Themen weiter gest\u00e4rkt werden:<\/p>\n\n\n\n<ul>\n<li><strong>Nachhaltigkeit in der Modewirtschaft<\/strong> \u2013 von zirkul\u00e4ren Prozessen \u00fcber innovative Materialien bis hin zu neuen Wegen lokaler Produktion.<\/li>\n\n\n\n<li><strong>Start-up-F\u00f6rderung<\/strong> \u2013 junge Modelabels, Textil-Start-ups und kreative Macher*innen sollen besser vernetzt und auf ihrem Weg zum Wachstum unterst\u00fctzt werden.<\/li>\n<\/ul>\n\n\n\n<p>FABRIC wird damit zu einem Ort, der nicht nur R\u00e4ume bereitstellt, sondern auch Wissen, Austausch, Infrastruktur und Inspiration \u2013 ein echtes Labor f\u00fcr die Mode der Zukunft.<\/p>\n\n\n\n<h3 class=\"wp-block-heading\">Immer auf dem Laufenden: Was im FABRIC passiert<\/h3>\n\n\n\n<p>Im neuen Jahr gibt es regelm\u00e4\u00dfige Updates: Der Newsletter berichtet fortlaufend dar\u00fcber, welche Projekte im FABRIC entstehen, welche Veranstaltungen anstehen und welche Designer*innen und Start-ups gerade an spannenden Ideen arbeiten. Wer sich f\u00fcr nachhaltige Mode oder innovative urbane Produktion interessiert, sollte unbedingt dranbleiben.<\/p>\n","protected":false},"excerpt":{"rendered":"<p>Die Zukunft der Mode entsteht mitten in Hamburg: Seit Mai 2024 ist FABRIC \u2013 Future Fashion Lab der neue Treffpunkt f\u00fcr alle, die in der Stadt an den Schnittstellen von urbaner Produktion, nachhaltiger Mode und kreativer Innovation arbeiten. Mit diesem &hellip; <a href=\"https:\/\/www.design-zentrum.de\/designblog\/?p=391\">Weiterlesen <span class=\"meta-nav\">&rarr;<\/span><\/a><\/p>\n","protected":false},"author":1,"featured_media":0,"comment_status":"closed","ping_status":"open","sticky":false,"template":"","format":"standard","meta":{"footnotes":""},"categories":[1,212],"tags":[],"yoast_head":"<!-- This site is optimized with the Yoast SEO plugin v21.6 - https:\/\/yoast.com\/wordpress\/plugins\/seo\/ -->\n<title>Mode und Innovation im Design-Zentrum - Design Zentrum<\/title>\n<meta name=\"robots\" content=\"index, follow, max-snippet:-1, max-image-preview:large, max-video-preview:-1\" \/>\n<link rel=\"canonical\" href=\"https:\/\/www.design-zentrum.de\/designblog\/?p=391\" \/>\n<meta name=\"twitter:card\" content=\"summary_large_image\" \/>\n<meta name=\"twitter:title\" content=\"Mode und Innovation im Design-Zentrum - Design Zentrum\" \/>\n<meta name=\"twitter:description\" content=\"Die Zukunft der Mode entsteht mitten in Hamburg: Seit Mai 2024 ist FABRIC \u2013 Future Fashion Lab der neue Treffpunkt f\u00fcr alle, die in der Stadt an den Schnittstellen von urbaner Produktion, nachhaltiger Mode und kreativer Innovation arbeiten. Mit diesem &hellip; Weiterlesen &rarr;\" \/>\n<meta name=\"twitter:label1\" content=\"Verfasst von\" \/>\n\t<meta name=\"twitter:data1\" content=\"admin\" \/>\n\t<meta name=\"twitter:label2\" content=\"Gesch\u00e4tzte Lesezeit\" \/>\n\t<meta name=\"twitter:data2\" content=\"2\u00a0Minuten\" \/>\n<script type=\"application\/ld+json\" class=\"yoast-schema-graph\">{\"@context\":\"https:\/\/schema.org\",\"@graph\":[{\"@type\":\"WebPage\",\"@id\":\"https:\/\/www.design-zentrum.de\/designblog\/?p=391\",\"url\":\"https:\/\/www.design-zentrum.de\/designblog\/?p=391\",\"name\":\"Mode und Innovation im Design-Zentrum - Design Zentrum\",\"isPartOf\":{\"@id\":\"https:\/\/www.design-zentrum.de\/designblog\/#website\"},\"datePublished\":\"2025-12-08T01:39:26+00:00\",\"dateModified\":\"2025-12-08T01:39:29+00:00\",\"author\":{\"@id\":\"https:\/\/www.design-zentrum.de\/designblog\/#\/schema\/person\/532a008a1f1e0ba0485bb531d92ed5de\"},\"breadcrumb\":{\"@id\":\"https:\/\/www.design-zentrum.de\/designblog\/?p=391#breadcrumb\"},\"inLanguage\":\"de\",\"potentialAction\":[{\"@type\":\"ReadAction\",\"target\":[\"https:\/\/www.design-zentrum.de\/designblog\/?p=391\"]}]},{\"@type\":\"BreadcrumbList\",\"@id\":\"https:\/\/www.design-zentrum.de\/designblog\/?p=391#breadcrumb\",\"itemListElement\":[{\"@type\":\"ListItem\",\"position\":1,\"name\":\"Startseite\",\"item\":\"https:\/\/www.design-zentrum.de\/designblog\"},{\"@type\":\"ListItem\",\"position\":2,\"name\":\"Mode und Innovation im Design-Zentrum\"}]},{\"@type\":\"WebSite\",\"@id\":\"https:\/\/www.design-zentrum.de\/designblog\/#website\",\"url\":\"https:\/\/www.design-zentrum.de\/designblog\/\",\"name\":\"Design Zentrum\",\"description\":\"Informationsplattform f\u00fcr Designer und Unternehmen\",\"potentialAction\":[{\"@type\":\"SearchAction\",\"target\":{\"@type\":\"EntryPoint\",\"urlTemplate\":\"https:\/\/www.design-zentrum.de\/designblog\/?s={search_term_string}\"},\"query-input\":\"required name=search_term_string\"}],\"inLanguage\":\"de\"},{\"@type\":\"Person\",\"@id\":\"https:\/\/www.design-zentrum.de\/designblog\/#\/schema\/person\/532a008a1f1e0ba0485bb531d92ed5de\",\"name\":\"admin\",\"image\":{\"@type\":\"ImageObject\",\"inLanguage\":\"de\",\"@id\":\"https:\/\/www.design-zentrum.de\/designblog\/#\/schema\/person\/image\/\",\"url\":\"https:\/\/secure.gravatar.com\/avatar\/626f0cb7cc7b97b5da5c2f4586d3a97c?s=96&d=mm&r=g\",\"contentUrl\":\"https:\/\/secure.gravatar.com\/avatar\/626f0cb7cc7b97b5da5c2f4586d3a97c?s=96&d=mm&r=g\",\"caption\":\"admin\"},\"url\":\"https:\/\/www.design-zentrum.de\/designblog\/?author=1\"}]}<\/script>\n<!-- \/ Yoast SEO plugin. -->","yoast_head_json":{"title":"Mode und Innovation im Design-Zentrum - Design Zentrum","robots":{"index":"index","follow":"follow","max-snippet":"max-snippet:-1","max-image-preview":"max-image-preview:large","max-video-preview":"max-video-preview:-1"},"canonical":"https:\/\/www.design-zentrum.de\/designblog\/?p=391","twitter_card":"summary_large_image","twitter_title":"Mode und Innovation im Design-Zentrum - Design Zentrum","twitter_description":"Die Zukunft der Mode entsteht mitten in Hamburg: Seit Mai 2024 ist FABRIC \u2013 Future Fashion Lab der neue Treffpunkt f\u00fcr alle, die in der Stadt an den Schnittstellen von urbaner Produktion, nachhaltiger Mode und kreativer Innovation arbeiten. Mit diesem &hellip; Weiterlesen &rarr;","twitter_misc":{"Verfasst von":"admin","Gesch\u00e4tzte Lesezeit":"2\u00a0Minuten"},"schema":{"@context":"https:\/\/schema.org","@graph":[{"@type":"WebPage","@id":"https:\/\/www.design-zentrum.de\/designblog\/?p=391","url":"https:\/\/www.design-zentrum.de\/designblog\/?p=391","name":"Mode und Innovation im Design-Zentrum - Design Zentrum","isPartOf":{"@id":"https:\/\/www.design-zentrum.de\/designblog\/#website"},"datePublished":"2025-12-08T01:39:26+00:00","dateModified":"2025-12-08T01:39:29+00:00","author":{"@id":"https:\/\/www.design-zentrum.de\/designblog\/#\/schema\/person\/532a008a1f1e0ba0485bb531d92ed5de"},"breadcrumb":{"@id":"https:\/\/www.design-zentrum.de\/designblog\/?p=391#breadcrumb"},"inLanguage":"de","potentialAction":[{"@type":"ReadAction","target":["https:\/\/www.design-zentrum.de\/designblog\/?p=391"]}]},{"@type":"BreadcrumbList","@id":"https:\/\/www.design-zentrum.de\/designblog\/?p=391#breadcrumb","itemListElement":[{"@type":"ListItem","position":1,"name":"Startseite","item":"https:\/\/www.design-zentrum.de\/designblog"},{"@type":"ListItem","position":2,"name":"Mode und Innovation im Design-Zentrum"}]},{"@type":"WebSite","@id":"https:\/\/www.design-zentrum.de\/designblog\/#website","url":"https:\/\/www.design-zentrum.de\/designblog\/","name":"Design Zentrum","description":"Informationsplattform f\u00fcr Designer und Unternehmen","potentialAction":[{"@type":"SearchAction","target":{"@type":"EntryPoint","urlTemplate":"https:\/\/www.design-zentrum.de\/designblog\/?s={search_term_string}"},"query-input":"required name=search_term_string"}],"inLanguage":"de"},{"@type":"Person","@id":"https:\/\/www.design-zentrum.de\/designblog\/#\/schema\/person\/532a008a1f1e0ba0485bb531d92ed5de","name":"admin","image":{"@type":"ImageObject","inLanguage":"de","@id":"https:\/\/www.design-zentrum.de\/designblog\/#\/schema\/person\/image\/","url":"https:\/\/secure.gravatar.com\/avatar\/626f0cb7cc7b97b5da5c2f4586d3a97c?s=96&d=mm&r=g","contentUrl":"https:\/\/secure.gravatar.com\/avatar\/626f0cb7cc7b97b5da5c2f4586d3a97c?s=96&d=mm&r=g","caption":"admin"},"url":"https:\/\/www.design-zentrum.de\/designblog\/?author=1"}]}},"_links":{"self":[{"href":"https:\/\/www.design-zentrum.de\/designblog\/index.php?rest_route=\/wp\/v2\/posts\/391"}],"collection":[{"href":"https:\/\/www.design-zentrum.de\/designblog\/index.php?rest_route=\/wp\/v2\/posts"}],"about":[{"href":"https:\/\/www.design-zentrum.de\/designblog\/index.php?rest_route=\/wp\/v2\/types\/post"}],"author":[{"embeddable":true,"href":"https:\/\/www.design-zentrum.de\/designblog\/index.php?rest_route=\/wp\/v2\/users\/1"}],"replies":[{"embeddable":true,"href":"https:\/\/www.design-zentrum.de\/designblog\/index.php?rest_route=%2Fwp%2Fv2%2Fcomments&post=391"}],"version-history":[{"count":1,"href":"https:\/\/www.design-zentrum.de\/designblog\/index.php?rest_route=\/wp\/v2\/posts\/391\/revisions"}],"predecessor-version":[{"id":392,"href":"https:\/\/www.design-zentrum.de\/designblog\/index.php?rest_route=\/wp\/v2\/posts\/391\/revisions\/392"}],"wp:attachment":[{"href":"https:\/\/www.design-zentrum.de\/designblog\/index.php?rest_route=%2Fwp%2Fv2%2Fmedia&parent=391"}],"wp:term":[{"taxonomy":"category","embeddable":true,"href":"https:\/\/www.design-zentrum.de\/designblog\/index.php?rest_route=%2Fwp%2Fv2%2Fcategories&post=391"},{"taxonomy":"post_tag","embeddable":true,"href":"https:\/\/www.design-zentrum.de\/designblog\/index.php?rest_route=%2Fwp%2Fv2%2Ftags&post=391"}],"curies":[{"name":"wp","href":"https:\/\/api.w.org\/{rel}","templated":true}]}}