{"id":381,"date":"2023-07-21T13:18:22","date_gmt":"2023-07-21T13:18:22","guid":{"rendered":"http:\/\/www.design-zentrum.de\/designblog\/?p=381"},"modified":"2023-07-21T13:18:24","modified_gmt":"2023-07-21T13:18:24","slug":"ausstellung-buecher-design","status":"publish","type":"post","link":"https:\/\/www.design-zentrum.de\/designblog\/?p=381","title":{"rendered":"Ausstellung B\u00fccher Design"},"content":{"rendered":"\n<p>Sch\u00f6ne B\u00fccher sind immer mehr als blo\u00dfe Tr\u00e4ger ihres Inhalts, mehr als die Summe ihrer Teile. In den sch\u00f6nsten B\u00fcchern finden alle Aspekte der Buchgestaltung in herausragender Form zueinander und machen das Buch damit zu einem Gesamtkunstwerk, das in seinen vielf\u00e4ltigen M\u00f6glichkeiten unersetzbar bleibt.<\/p>\n\n\n\n<p>J\u00e4hrlich werden vom Hauptverband des \u00d6sterreichischen Buchhandels gemeinsam mit dem BMKOES die 15 sch\u00f6nsten B\u00fccher \u00d6sterreichs f\u00fcr ihre herstellerische Qualit\u00e4t, gestalterische Raffinesse und konzeptionelle Offenheit ausgezeichnet. Im designforum Wien pr\u00e4sentieren wir die zum Teil brandneu gek\u00fcrten Gewinnerprojekte aus den Einreichungen 2021 und 2022, die das kreative Potenzial des Buches als Gesamtkunstwerk, und damit auch alle verborgenen Aspekte der Buchproduktion, beispielhaft zeigen.<\/p>\n\n\n\n<p>Was kann Design zum Thema Toleranz beitragen? Wie k\u00f6nnen Bilder \u00fcberdauern? Welche Sprache der Toleranz kann Design sprechen, zeigen, zeichnen, darstellen und erlebbar machen? Die von dem New Yorker Designer Mirko Ili\u0107 initiierte Sammlung reiste in unterschiedlichen Zusammenstellungen um die halbe Welt, von den USA nach Montenegro, von Spanien nach Serbien. Die Tolerance Posters wurden von internationalen Designgr\u00f6\u00dfen gestaltet \u2013 f\u00fcr das designforum Wien hat Ulrike P\u00f6tschke (NDU) zusammen mit Helene Breuer (NDU-Studentin Grafik- &amp; Informationsdesign) eine Auswahl aus \u00fcber 200 Plakaten kuratiert, die parallel zu den Sch\u00f6nsten B\u00fcchern erstmals in Wien gezeigt werden.<\/p>\n\n\n\n<p>Mo \u2013 Fr 10 \u2013 18 Uhr<br>Sa, So, Feiertag 14 \u201318 Uhr<\/p>\n\n\n\n<p>designforum \/ MuseumsQuartier<br>Museumsplatz 1<br>Hof 7<br>1070 Wien<\/p>\n","protected":false},"excerpt":{"rendered":"<p>Sch\u00f6ne B\u00fccher sind immer mehr als blo\u00dfe Tr\u00e4ger ihres Inhalts, mehr als die Summe ihrer Teile. In den sch\u00f6nsten B\u00fcchern finden alle Aspekte der Buchgestaltung in herausragender Form zueinander und machen das Buch damit zu einem Gesamtkunstwerk, das in seinen &hellip; <a href=\"https:\/\/www.design-zentrum.de\/designblog\/?p=381\">Weiterlesen <span class=\"meta-nav\">&rarr;<\/span><\/a><\/p>\n","protected":false},"author":1,"featured_media":0,"comment_status":"closed","ping_status":"open","sticky":false,"template":"","format":"standard","meta":{"footnotes":""},"categories":[3],"tags":[210,209],"yoast_head":"<!-- This site is optimized with the Yoast SEO plugin v21.6 - https:\/\/yoast.com\/wordpress\/plugins\/seo\/ -->\n<title>Ausstellung B\u00fccher Design - Design Zentrum<\/title>\n<meta name=\"robots\" content=\"index, follow, max-snippet:-1, max-image-preview:large, max-video-preview:-1\" \/>\n<link rel=\"canonical\" href=\"https:\/\/www.design-zentrum.de\/designblog\/?p=381\" \/>\n<meta name=\"twitter:card\" content=\"summary_large_image\" \/>\n<meta name=\"twitter:title\" content=\"Ausstellung B\u00fccher Design - Design Zentrum\" \/>\n<meta name=\"twitter:description\" content=\"Sch\u00f6ne B\u00fccher sind immer mehr als blo\u00dfe Tr\u00e4ger ihres Inhalts, mehr als die Summe ihrer Teile. In den sch\u00f6nsten B\u00fcchern finden alle Aspekte der Buchgestaltung in herausragender Form zueinander und machen das Buch damit zu einem Gesamtkunstwerk, das in seinen &hellip; Weiterlesen &rarr;\" \/>\n<meta name=\"twitter:label1\" content=\"Verfasst von\" \/>\n\t<meta name=\"twitter:data1\" content=\"admin\" \/>\n\t<meta name=\"twitter:label2\" content=\"Gesch\u00e4tzte Lesezeit\" \/>\n\t<meta name=\"twitter:data2\" content=\"1\u00a0Minute\" \/>\n<script type=\"application\/ld+json\" class=\"yoast-schema-graph\">{\"@context\":\"https:\/\/schema.org\",\"@graph\":[{\"@type\":\"WebPage\",\"@id\":\"https:\/\/www.design-zentrum.de\/designblog\/?p=381\",\"url\":\"https:\/\/www.design-zentrum.de\/designblog\/?p=381\",\"name\":\"Ausstellung B\u00fccher Design - Design Zentrum\",\"isPartOf\":{\"@id\":\"https:\/\/www.design-zentrum.de\/designblog\/#website\"},\"datePublished\":\"2023-07-21T13:18:22+00:00\",\"dateModified\":\"2023-07-21T13:18:24+00:00\",\"author\":{\"@id\":\"https:\/\/www.design-zentrum.de\/designblog\/#\/schema\/person\/532a008a1f1e0ba0485bb531d92ed5de\"},\"breadcrumb\":{\"@id\":\"https:\/\/www.design-zentrum.de\/designblog\/?p=381#breadcrumb\"},\"inLanguage\":\"de\",\"potentialAction\":[{\"@type\":\"ReadAction\",\"target\":[\"https:\/\/www.design-zentrum.de\/designblog\/?p=381\"]}]},{\"@type\":\"BreadcrumbList\",\"@id\":\"https:\/\/www.design-zentrum.de\/designblog\/?p=381#breadcrumb\",\"itemListElement\":[{\"@type\":\"ListItem\",\"position\":1,\"name\":\"Startseite\",\"item\":\"https:\/\/www.design-zentrum.de\/designblog\"},{\"@type\":\"ListItem\",\"position\":2,\"name\":\"Ausstellung B\u00fccher Design\"}]},{\"@type\":\"WebSite\",\"@id\":\"https:\/\/www.design-zentrum.de\/designblog\/#website\",\"url\":\"https:\/\/www.design-zentrum.de\/designblog\/\",\"name\":\"Design Zentrum\",\"description\":\"Informationsplattform f\u00fcr Designer und Unternehmen\",\"potentialAction\":[{\"@type\":\"SearchAction\",\"target\":{\"@type\":\"EntryPoint\",\"urlTemplate\":\"https:\/\/www.design-zentrum.de\/designblog\/?s={search_term_string}\"},\"query-input\":\"required name=search_term_string\"}],\"inLanguage\":\"de\"},{\"@type\":\"Person\",\"@id\":\"https:\/\/www.design-zentrum.de\/designblog\/#\/schema\/person\/532a008a1f1e0ba0485bb531d92ed5de\",\"name\":\"admin\",\"image\":{\"@type\":\"ImageObject\",\"inLanguage\":\"de\",\"@id\":\"https:\/\/www.design-zentrum.de\/designblog\/#\/schema\/person\/image\/\",\"url\":\"https:\/\/secure.gravatar.com\/avatar\/626f0cb7cc7b97b5da5c2f4586d3a97c?s=96&d=mm&r=g\",\"contentUrl\":\"https:\/\/secure.gravatar.com\/avatar\/626f0cb7cc7b97b5da5c2f4586d3a97c?s=96&d=mm&r=g\",\"caption\":\"admin\"},\"url\":\"https:\/\/www.design-zentrum.de\/designblog\/?author=1\"}]}<\/script>\n<!-- \/ Yoast SEO plugin. -->","yoast_head_json":{"title":"Ausstellung B\u00fccher Design - Design Zentrum","robots":{"index":"index","follow":"follow","max-snippet":"max-snippet:-1","max-image-preview":"max-image-preview:large","max-video-preview":"max-video-preview:-1"},"canonical":"https:\/\/www.design-zentrum.de\/designblog\/?p=381","twitter_card":"summary_large_image","twitter_title":"Ausstellung B\u00fccher Design - Design Zentrum","twitter_description":"Sch\u00f6ne B\u00fccher sind immer mehr als blo\u00dfe Tr\u00e4ger ihres Inhalts, mehr als die Summe ihrer Teile. In den sch\u00f6nsten B\u00fcchern finden alle Aspekte der Buchgestaltung in herausragender Form zueinander und machen das Buch damit zu einem Gesamtkunstwerk, das in seinen &hellip; Weiterlesen &rarr;","twitter_misc":{"Verfasst von":"admin","Gesch\u00e4tzte Lesezeit":"1\u00a0Minute"},"schema":{"@context":"https:\/\/schema.org","@graph":[{"@type":"WebPage","@id":"https:\/\/www.design-zentrum.de\/designblog\/?p=381","url":"https:\/\/www.design-zentrum.de\/designblog\/?p=381","name":"Ausstellung B\u00fccher Design - Design Zentrum","isPartOf":{"@id":"https:\/\/www.design-zentrum.de\/designblog\/#website"},"datePublished":"2023-07-21T13:18:22+00:00","dateModified":"2023-07-21T13:18:24+00:00","author":{"@id":"https:\/\/www.design-zentrum.de\/designblog\/#\/schema\/person\/532a008a1f1e0ba0485bb531d92ed5de"},"breadcrumb":{"@id":"https:\/\/www.design-zentrum.de\/designblog\/?p=381#breadcrumb"},"inLanguage":"de","potentialAction":[{"@type":"ReadAction","target":["https:\/\/www.design-zentrum.de\/designblog\/?p=381"]}]},{"@type":"BreadcrumbList","@id":"https:\/\/www.design-zentrum.de\/designblog\/?p=381#breadcrumb","itemListElement":[{"@type":"ListItem","position":1,"name":"Startseite","item":"https:\/\/www.design-zentrum.de\/designblog"},{"@type":"ListItem","position":2,"name":"Ausstellung B\u00fccher Design"}]},{"@type":"WebSite","@id":"https:\/\/www.design-zentrum.de\/designblog\/#website","url":"https:\/\/www.design-zentrum.de\/designblog\/","name":"Design Zentrum","description":"Informationsplattform f\u00fcr Designer und Unternehmen","potentialAction":[{"@type":"SearchAction","target":{"@type":"EntryPoint","urlTemplate":"https:\/\/www.design-zentrum.de\/designblog\/?s={search_term_string}"},"query-input":"required name=search_term_string"}],"inLanguage":"de"},{"@type":"Person","@id":"https:\/\/www.design-zentrum.de\/designblog\/#\/schema\/person\/532a008a1f1e0ba0485bb531d92ed5de","name":"admin","image":{"@type":"ImageObject","inLanguage":"de","@id":"https:\/\/www.design-zentrum.de\/designblog\/#\/schema\/person\/image\/","url":"https:\/\/secure.gravatar.com\/avatar\/626f0cb7cc7b97b5da5c2f4586d3a97c?s=96&d=mm&r=g","contentUrl":"https:\/\/secure.gravatar.com\/avatar\/626f0cb7cc7b97b5da5c2f4586d3a97c?s=96&d=mm&r=g","caption":"admin"},"url":"https:\/\/www.design-zentrum.de\/designblog\/?author=1"}]}},"_links":{"self":[{"href":"https:\/\/www.design-zentrum.de\/designblog\/index.php?rest_route=\/wp\/v2\/posts\/381"}],"collection":[{"href":"https:\/\/www.design-zentrum.de\/designblog\/index.php?rest_route=\/wp\/v2\/posts"}],"about":[{"href":"https:\/\/www.design-zentrum.de\/designblog\/index.php?rest_route=\/wp\/v2\/types\/post"}],"author":[{"embeddable":true,"href":"https:\/\/www.design-zentrum.de\/designblog\/index.php?rest_route=\/wp\/v2\/users\/1"}],"replies":[{"embeddable":true,"href":"https:\/\/www.design-zentrum.de\/designblog\/index.php?rest_route=%2Fwp%2Fv2%2Fcomments&post=381"}],"version-history":[{"count":1,"href":"https:\/\/www.design-zentrum.de\/designblog\/index.php?rest_route=\/wp\/v2\/posts\/381\/revisions"}],"predecessor-version":[{"id":382,"href":"https:\/\/www.design-zentrum.de\/designblog\/index.php?rest_route=\/wp\/v2\/posts\/381\/revisions\/382"}],"wp:attachment":[{"href":"https:\/\/www.design-zentrum.de\/designblog\/index.php?rest_route=%2Fwp%2Fv2%2Fmedia&parent=381"}],"wp:term":[{"taxonomy":"category","embeddable":true,"href":"https:\/\/www.design-zentrum.de\/designblog\/index.php?rest_route=%2Fwp%2Fv2%2Fcategories&post=381"},{"taxonomy":"post_tag","embeddable":true,"href":"https:\/\/www.design-zentrum.de\/designblog\/index.php?rest_route=%2Fwp%2Fv2%2Ftags&post=381"}],"curies":[{"name":"wp","href":"https:\/\/api.w.org\/{rel}","templated":true}]}}