{"id":369,"date":"2022-04-06T17:51:18","date_gmt":"2022-04-06T17:51:18","guid":{"rendered":"http:\/\/www.design-zentrum.de\/designblog\/?p=369"},"modified":"2022-04-06T17:51:18","modified_gmt":"2022-04-06T17:51:18","slug":"designausstellung-x-libris-revisited","status":"publish","type":"post","link":"https:\/\/www.design-zentrum.de\/designblog\/?p=369","title":{"rendered":"Designausstellung X-LIBRIS REVISITED"},"content":{"rendered":"<p><a href=\"http:\/\/www.design-zentrum.de\/designblog\/wp-content\/uploads\/2022\/04\/designausstellung-wien.jpg\"><img loading=\"lazy\" decoding=\"async\" class=\"aligncenter size-full wp-image-371\" src=\"http:\/\/www.design-zentrum.de\/designblog\/wp-content\/uploads\/2022\/04\/designausstellung-wien.jpg\" alt=\"X-LIBRIS. REVISITED\" width=\"663\" height=\"459\" srcset=\"https:\/\/www.design-zentrum.de\/designblog\/wp-content\/uploads\/2022\/04\/designausstellung-wien.jpg 663w, https:\/\/www.design-zentrum.de\/designblog\/wp-content\/uploads\/2022\/04\/designausstellung-wien-300x208.jpg 300w, https:\/\/www.design-zentrum.de\/designblog\/wp-content\/uploads\/2022\/04\/designausstellung-wien-433x300.jpg 433w\" sizes=\"(max-width: 663px) 100vw, 663px\" \/><\/a>Designausstellung im Designforum Wien<\/p>\n<p>Eine erlesene Auswahl von Exlibris und Kleingrafiken aus der <strong>Sammlung Heinrich Scheffer<\/strong> bezeugt die Vorz\u00fcglichkeit von B\u00fccherzeichen und Buchmarken: h\u00f6chste Kunst und bestes Handwerk in minimaler Gr\u00f6\u00dfe. Exlibris erz\u00e4hlen Geschichten von Designer\u00b7innen, Eigent\u00fcmer\u00b7innen, Handwerk und Widmung. designaustria \/ designforum Wien l\u00e4dt mit der Ausstellung X-libris.\u00a0revisited.\u00a0zu einem weltumspannenden Streifzug durch viele\u00a0Jahrhundert und \u00a0will \u00e4ltere wie junge Generationen motivieren, das Format in Bezug auf Design wie Technologie weiterzuentwickeln.<\/p>\n<div><strong>F\u00fchrung speziell f\u00fcr designaustria-Mitglieder<\/strong> <strong>mit Heinrich R. Scheffer:<\/strong><\/div>\n<div><strong>Dienstag, den 12. April 2022 um 17:00<\/strong><\/div>\n<div>\n<p>Im Rahmen der Ausstellung werden die Sch\u00f6nsten B\u00fccher \u00d6sterreichs 2020 gezeigt.<\/p>\n<p><span class=\"yiv9253264957org yiv9253264957fn\">designforum Wien<br \/>\n<\/span>MuseumsQuartier Wien \/ Museumsplatz 1<\/p>\n<div class=\"yiv9253264957adr\"><span class=\"yiv9253264957locality\">Wien<\/span> <span class=\"yiv9253264957postal-code\">1070<\/span><\/div>\n<\/div>\n","protected":false},"excerpt":{"rendered":"<p>Designausstellung im Designforum Wien Eine erlesene Auswahl von Exlibris und Kleingrafiken aus der Sammlung Heinrich Scheffer bezeugt die Vorz\u00fcglichkeit von B\u00fccherzeichen und Buchmarken: h\u00f6chste Kunst und bestes Handwerk in minimaler Gr\u00f6\u00dfe. Exlibris erz\u00e4hlen Geschichten von Designer\u00b7innen, Eigent\u00fcmer\u00b7innen, Handwerk und Widmung. &hellip; <a href=\"https:\/\/www.design-zentrum.de\/designblog\/?p=369\">Weiterlesen <span class=\"meta-nav\">&rarr;<\/span><\/a><\/p>\n","protected":false},"author":1,"featured_media":0,"comment_status":"closed","ping_status":"open","sticky":false,"template":"","format":"standard","meta":{"footnotes":""},"categories":[3,117],"tags":[],"yoast_head":"<!-- This site is optimized with the Yoast SEO plugin v21.6 - https:\/\/yoast.com\/wordpress\/plugins\/seo\/ -->\n<title>Designausstellung X-LIBRIS REVISITED - Design Zentrum<\/title>\n<meta name=\"robots\" content=\"index, follow, max-snippet:-1, max-image-preview:large, max-video-preview:-1\" \/>\n<link rel=\"canonical\" href=\"https:\/\/www.design-zentrum.de\/designblog\/?p=369\" \/>\n<meta name=\"twitter:card\" content=\"summary_large_image\" \/>\n<meta name=\"twitter:title\" content=\"Designausstellung X-LIBRIS REVISITED - Design Zentrum\" \/>\n<meta name=\"twitter:description\" content=\"Designausstellung im Designforum Wien Eine erlesene Auswahl von Exlibris und Kleingrafiken aus der Sammlung Heinrich Scheffer bezeugt die Vorz\u00fcglichkeit von B\u00fccherzeichen und Buchmarken: h\u00f6chste Kunst und bestes Handwerk in minimaler Gr\u00f6\u00dfe. Exlibris erz\u00e4hlen Geschichten von Designer\u00b7innen, Eigent\u00fcmer\u00b7innen, Handwerk und Widmung. &hellip; Weiterlesen &rarr;\" \/>\n<meta name=\"twitter:image\" content=\"http:\/\/www.design-zentrum.de\/designblog\/wp-content\/uploads\/2022\/04\/designausstellung-wien.jpg\" \/>\n<meta name=\"twitter:label1\" content=\"Verfasst von\" \/>\n\t<meta name=\"twitter:data1\" content=\"admin\" \/>\n\t<meta name=\"twitter:label2\" content=\"Gesch\u00e4tzte Lesezeit\" \/>\n\t<meta name=\"twitter:data2\" content=\"1\u00a0Minute\" \/>\n<script type=\"application\/ld+json\" class=\"yoast-schema-graph\">{\"@context\":\"https:\/\/schema.org\",\"@graph\":[{\"@type\":\"WebPage\",\"@id\":\"https:\/\/www.design-zentrum.de\/designblog\/?p=369\",\"url\":\"https:\/\/www.design-zentrum.de\/designblog\/?p=369\",\"name\":\"Designausstellung X-LIBRIS REVISITED - Design Zentrum\",\"isPartOf\":{\"@id\":\"https:\/\/www.design-zentrum.de\/designblog\/#website\"},\"datePublished\":\"2022-04-06T17:51:18+00:00\",\"dateModified\":\"2022-04-06T17:51:18+00:00\",\"author\":{\"@id\":\"https:\/\/www.design-zentrum.de\/designblog\/#\/schema\/person\/532a008a1f1e0ba0485bb531d92ed5de\"},\"breadcrumb\":{\"@id\":\"https:\/\/www.design-zentrum.de\/designblog\/?p=369#breadcrumb\"},\"inLanguage\":\"de\",\"potentialAction\":[{\"@type\":\"ReadAction\",\"target\":[\"https:\/\/www.design-zentrum.de\/designblog\/?p=369\"]}]},{\"@type\":\"BreadcrumbList\",\"@id\":\"https:\/\/www.design-zentrum.de\/designblog\/?p=369#breadcrumb\",\"itemListElement\":[{\"@type\":\"ListItem\",\"position\":1,\"name\":\"Startseite\",\"item\":\"https:\/\/www.design-zentrum.de\/designblog\"},{\"@type\":\"ListItem\",\"position\":2,\"name\":\"Designausstellung X-LIBRIS REVISITED\"}]},{\"@type\":\"WebSite\",\"@id\":\"https:\/\/www.design-zentrum.de\/designblog\/#website\",\"url\":\"https:\/\/www.design-zentrum.de\/designblog\/\",\"name\":\"Design Zentrum\",\"description\":\"Informationsplattform f\u00fcr Designer und Unternehmen\",\"potentialAction\":[{\"@type\":\"SearchAction\",\"target\":{\"@type\":\"EntryPoint\",\"urlTemplate\":\"https:\/\/www.design-zentrum.de\/designblog\/?s={search_term_string}\"},\"query-input\":\"required name=search_term_string\"}],\"inLanguage\":\"de\"},{\"@type\":\"Person\",\"@id\":\"https:\/\/www.design-zentrum.de\/designblog\/#\/schema\/person\/532a008a1f1e0ba0485bb531d92ed5de\",\"name\":\"admin\",\"image\":{\"@type\":\"ImageObject\",\"inLanguage\":\"de\",\"@id\":\"https:\/\/www.design-zentrum.de\/designblog\/#\/schema\/person\/image\/\",\"url\":\"https:\/\/secure.gravatar.com\/avatar\/626f0cb7cc7b97b5da5c2f4586d3a97c?s=96&d=mm&r=g\",\"contentUrl\":\"https:\/\/secure.gravatar.com\/avatar\/626f0cb7cc7b97b5da5c2f4586d3a97c?s=96&d=mm&r=g\",\"caption\":\"admin\"},\"url\":\"https:\/\/www.design-zentrum.de\/designblog\/?author=1\"}]}<\/script>\n<!-- \/ Yoast SEO plugin. -->","yoast_head_json":{"title":"Designausstellung X-LIBRIS REVISITED - Design Zentrum","robots":{"index":"index","follow":"follow","max-snippet":"max-snippet:-1","max-image-preview":"max-image-preview:large","max-video-preview":"max-video-preview:-1"},"canonical":"https:\/\/www.design-zentrum.de\/designblog\/?p=369","twitter_card":"summary_large_image","twitter_title":"Designausstellung X-LIBRIS REVISITED - Design Zentrum","twitter_description":"Designausstellung im Designforum Wien Eine erlesene Auswahl von Exlibris und Kleingrafiken aus der Sammlung Heinrich Scheffer bezeugt die Vorz\u00fcglichkeit von B\u00fccherzeichen und Buchmarken: h\u00f6chste Kunst und bestes Handwerk in minimaler Gr\u00f6\u00dfe. Exlibris erz\u00e4hlen Geschichten von Designer\u00b7innen, Eigent\u00fcmer\u00b7innen, Handwerk und Widmung. &hellip; Weiterlesen &rarr;","twitter_image":"http:\/\/www.design-zentrum.de\/designblog\/wp-content\/uploads\/2022\/04\/designausstellung-wien.jpg","twitter_misc":{"Verfasst von":"admin","Gesch\u00e4tzte Lesezeit":"1\u00a0Minute"},"schema":{"@context":"https:\/\/schema.org","@graph":[{"@type":"WebPage","@id":"https:\/\/www.design-zentrum.de\/designblog\/?p=369","url":"https:\/\/www.design-zentrum.de\/designblog\/?p=369","name":"Designausstellung X-LIBRIS REVISITED - Design Zentrum","isPartOf":{"@id":"https:\/\/www.design-zentrum.de\/designblog\/#website"},"datePublished":"2022-04-06T17:51:18+00:00","dateModified":"2022-04-06T17:51:18+00:00","author":{"@id":"https:\/\/www.design-zentrum.de\/designblog\/#\/schema\/person\/532a008a1f1e0ba0485bb531d92ed5de"},"breadcrumb":{"@id":"https:\/\/www.design-zentrum.de\/designblog\/?p=369#breadcrumb"},"inLanguage":"de","potentialAction":[{"@type":"ReadAction","target":["https:\/\/www.design-zentrum.de\/designblog\/?p=369"]}]},{"@type":"BreadcrumbList","@id":"https:\/\/www.design-zentrum.de\/designblog\/?p=369#breadcrumb","itemListElement":[{"@type":"ListItem","position":1,"name":"Startseite","item":"https:\/\/www.design-zentrum.de\/designblog"},{"@type":"ListItem","position":2,"name":"Designausstellung X-LIBRIS REVISITED"}]},{"@type":"WebSite","@id":"https:\/\/www.design-zentrum.de\/designblog\/#website","url":"https:\/\/www.design-zentrum.de\/designblog\/","name":"Design Zentrum","description":"Informationsplattform f\u00fcr Designer und Unternehmen","potentialAction":[{"@type":"SearchAction","target":{"@type":"EntryPoint","urlTemplate":"https:\/\/www.design-zentrum.de\/designblog\/?s={search_term_string}"},"query-input":"required name=search_term_string"}],"inLanguage":"de"},{"@type":"Person","@id":"https:\/\/www.design-zentrum.de\/designblog\/#\/schema\/person\/532a008a1f1e0ba0485bb531d92ed5de","name":"admin","image":{"@type":"ImageObject","inLanguage":"de","@id":"https:\/\/www.design-zentrum.de\/designblog\/#\/schema\/person\/image\/","url":"https:\/\/secure.gravatar.com\/avatar\/626f0cb7cc7b97b5da5c2f4586d3a97c?s=96&d=mm&r=g","contentUrl":"https:\/\/secure.gravatar.com\/avatar\/626f0cb7cc7b97b5da5c2f4586d3a97c?s=96&d=mm&r=g","caption":"admin"},"url":"https:\/\/www.design-zentrum.de\/designblog\/?author=1"}]}},"_links":{"self":[{"href":"https:\/\/www.design-zentrum.de\/designblog\/index.php?rest_route=\/wp\/v2\/posts\/369"}],"collection":[{"href":"https:\/\/www.design-zentrum.de\/designblog\/index.php?rest_route=\/wp\/v2\/posts"}],"about":[{"href":"https:\/\/www.design-zentrum.de\/designblog\/index.php?rest_route=\/wp\/v2\/types\/post"}],"author":[{"embeddable":true,"href":"https:\/\/www.design-zentrum.de\/designblog\/index.php?rest_route=\/wp\/v2\/users\/1"}],"replies":[{"embeddable":true,"href":"https:\/\/www.design-zentrum.de\/designblog\/index.php?rest_route=%2Fwp%2Fv2%2Fcomments&post=369"}],"version-history":[{"count":2,"href":"https:\/\/www.design-zentrum.de\/designblog\/index.php?rest_route=\/wp\/v2\/posts\/369\/revisions"}],"predecessor-version":[{"id":372,"href":"https:\/\/www.design-zentrum.de\/designblog\/index.php?rest_route=\/wp\/v2\/posts\/369\/revisions\/372"}],"wp:attachment":[{"href":"https:\/\/www.design-zentrum.de\/designblog\/index.php?rest_route=%2Fwp%2Fv2%2Fmedia&parent=369"}],"wp:term":[{"taxonomy":"category","embeddable":true,"href":"https:\/\/www.design-zentrum.de\/designblog\/index.php?rest_route=%2Fwp%2Fv2%2Fcategories&post=369"},{"taxonomy":"post_tag","embeddable":true,"href":"https:\/\/www.design-zentrum.de\/designblog\/index.php?rest_route=%2Fwp%2Fv2%2Ftags&post=369"}],"curies":[{"name":"wp","href":"https:\/\/api.w.org\/{rel}","templated":true}]}}