{"id":363,"date":"2021-05-20T10:12:19","date_gmt":"2021-05-20T10:12:19","guid":{"rendered":"http:\/\/www.design-zentrum.de\/designblog\/?p=363"},"modified":"2021-06-04T21:12:40","modified_gmt":"2021-06-04T21:12:40","slug":"bazon-brock-joseph-beuys","status":"publish","type":"post","link":"https:\/\/www.design-zentrum.de\/designblog\/?p=363","title":{"rendered":"Bazon Brock + Joseph Beuys"},"content":{"rendered":"<p>Am 5. Juni 1965 fand in der Wuppertaler Galerie Parnass das legend\u00e4re<br \/>\n\u226524-Stunden-Happening\u201e statt. Die Idee dazu stammte von Bazon Brock, der<br \/>\ndaf\u00fcr nicht nur den Galeristen Rolf J\u00e4hrling begeisterte, sondern auch<br \/>\nJoseph Beuys, Wolf Vostell, Nam Jun Paik und Charlotte Moorman \u02c6 die<br \/>\nwichtigsten Protagonisten der damals noch jungen Fluxus- und<br \/>\nPerformancekunst. 56 Jahre sp\u00e4ter kn\u00fcpft Brock beim Wuppertaler<br \/>\nPerformancefestival daran an: Am 2. Juni von Mittag bis Mitternacht mit<br \/>\ndem 12-Stunden-Happening \u2265\u0152Ich trete aus der Kunst aus!\u0152 Eine h\u00f6chst<br \/>\nverf\u00fchrerische Anleitung von Joseph Beuys zur \u00dcberbietung der K\u00fcnste durch<br \/>\ndie Autorit\u00e4t der Kulturen\u201e. Um den 100sten Geburtstag seines Weggef\u00e4hrten<br \/>\nzu begehen, hat Bazon Brock verschiedene Gespr\u00e4chspartner*innen<br \/>\neingeladen, um sich in jeweils einst\u00fcndigen Etappen dem Gedankenkosmos von<br \/>\nBeuys zu widmen und einzelne Aspekte seiner Kunst und seiner Person in<br \/>\neiner Lecture Performance bis Mitternacht zu beleuchten.<\/p>\n<p>Den Programmablauf kann man sich anschauen unter<br \/>\nhttps:\/\/bazonbrock.de\/werke\/detail\/?id=3913&#038;sectid=3628#sect<\/p>\n<p>Bazon Brock | Joseph Beuys<br \/>\n\u2265Ich trete aus der Kunst aus!\u201e<\/p>\n<p>Eine h\u00f6chst verf\u00fchrerische Anleitung von Joseph Beuys<br \/>\nzur \u00dcberbietung der K\u00fcnste durch die Autorit\u00e4t der Kulturen<\/p>\n<p>2. Juni 2021, 11:30 Uhr, zur Er\u00f6ffnung spricht der Oberb\u00fcrgermeister<br \/>\nLivestream https:\/\/stew.one\/<\/p>\n<p>Online-Veranstaltung in Anlehnung an das 24-h-Happening von 1965 in<br \/>\nWuppertal<\/p>\n<p>Mit Bazon Brock, Heinz Bude, Robert Fleck, Peter Heeren, Annekathrin<br \/>\nKohout, Anne Linsel, Hans Ulrich Reck, Silke Rehberg, Stephanie Senge,<br \/>\nWolfgang Ullrich und Lambert Wiesing<\/p>\n<p>Der Livestream ist zug\u00e4nglich \u00fcber:<br \/>\nhttps:\/\/stew.one\/<br \/>\nDie Abstracts zu den Beitr\u00e4gen k\u00f6nnen als PDF heruntergeladen werden:<br \/>\nhttps:\/\/bazonbrock.de\/getmedia.php\/_media\/brock\/202105\/8282v0-orig.pdf<br \/>\nWeitere Informationen auf der Website von Bazon Brock:<br \/>\nhttps:\/\/bazonbrock.de\/werke\/detail\/?id=3913&#038;sectid=3613#sect<\/p>\n<p>Programm<\/p>\n<p>12:00 Uhr<br \/>\nMatthias Nocke, Kulturdezernent,<br \/>\nDr. Bettina Paust, Kulturb\u00fcro Wuppertal:<br \/>\nBegr\u00fc\u00dfung<\/p>\n<p>12:15 Uhr<br \/>\nBazon Brock, Denker im Dienst:<br \/>\n\u2265Eine h\u00f6chst verf\u00fchrerische Anleitung von Joseph Beuys zur \u00dcberbietung der<br \/>\nK\u00fcnste durch die Autorit\u00e4t der Kulturen\u201e<\/p>\n<p>13:00 Uhr<br \/>\nPeter Heeren, Komponist:<br \/>\n\u2265Kosmische Symphonie\u201e \u02c6 Urauff\u00fchrung im Urton<\/p>\n<p>13:15 Uhr<br \/>\nHeinz Bude, Soziologe:<br \/>\n\u2265Gesellschaft als Mysterium \u02c6 im Disput mit Joseph Beuys<\/p>\n<p>14:00 Uhr<br \/>\nSilke Rehberg, Bildhauerin:<br \/>\n\u2265Hase statt Adler. Ein Neuentwurf f\u00fcr das deutsche Staatswappen\u201e<\/p>\n<p>14:45 Uhr<br \/>\nWolfgang Ullrich, Kunstwissenschaftler:<br \/>\n\u2265&#8217;Jeder Mensch ist ein K\u00fcnstler&#8217; &#8211; Joseph Beuys als Theologe\u201e<\/p>\n<p>16:00 Uhr<br \/>\n\u2265Kosmische Symphonie\u201e<\/p>\n<p>16:15 Uhr<br \/>\nAnnekathrin Kohout, Kunst- und Kulturwissenschaftlerin:<br \/>\n\u2265Die Anglerweste als K\u00fcnstleruniform\u201e<\/p>\n<p>17:00 Uhr<br \/>\nStephanie Senge, Konzeptk\u00fcnstlerin:<br \/>\n\u2265Die Warenwunder finden im Supermarkt statt.<br \/>\nKonsumbibliothek Beuys\u201e (Installation)<\/p>\n<p>17:30 Uhr<br \/>\nLambert Wiesing, Philosoph:<br \/>\n\u2265Cooler Schwitters, woker Beuys.<br \/>\nStile der \u00e4sthetischen Weltverbesserung\u201e<\/p>\n<p>18:15 Uhr<br \/>\nAnne Linsel, Kunstzeugin:<br \/>\n\u2265Gl\u00fcck und Leiden des Beuys-Publikums\u201e<\/p>\n<p>19:00 Uhr<br \/>\n\u2265Kosmische Symphonie\u201e<\/p>\n<p>20:00 Uhr<br \/>\nHans Ulrich Reck, Kulturanthropologe:<br \/>\n\u2265Was teilte der Kojote Beuys mit? Ein produktives Missverst\u00e4ndnis&#8221;<\/p>\n<p>21:00 Uhr<br \/>\nRobert Fleck, Kurator:<br \/>\n\u2265(Post-)Katholizismus, Materialbehandlung und Utopie bei Beuys\u201e<br \/>\n21:45 Uhr<br \/>\n\u2265Kosmische Symphonie\u201e<\/p>\n<p>Gewidmet allen kunstgl\u00e4ubigen Paulussen, damit sie endlich aufgekl\u00e4rte<br \/>\nSaulusse werden k\u00f6nnen.<\/p>\n<p>Veranstaltung in Kooperation mit der Galerie Gr\u00f6lle pass:projects und dem<br \/>\nKulturb\u00fcro Wuppertal. Im Rahmen des Performancefestivals \u2265Die<br \/>\nUnendlichkeit des Augenblicks. Auff\u00fchrungsk\u00fcnste nach Joseph Beuys\u201e.<\/p>\n","protected":false},"excerpt":{"rendered":"<p>Am 5. Juni 1965 fand in der Wuppertaler Galerie Parnass das legend\u00e4re \u226524-Stunden-Happening\u201e statt. Die Idee dazu stammte von Bazon Brock, der daf\u00fcr nicht nur den Galeristen Rolf J\u00e4hrling begeisterte, sondern auch Joseph Beuys, Wolf Vostell, Nam Jun Paik und &hellip; <a href=\"https:\/\/www.design-zentrum.de\/designblog\/?p=363\">Weiterlesen <span class=\"meta-nav\">&rarr;<\/span><\/a><\/p>\n","protected":false},"author":1,"featured_media":0,"comment_status":"closed","ping_status":"open","sticky":false,"template":"","format":"standard","meta":{"footnotes":""},"categories":[93],"tags":[],"yoast_head":"<!-- This site is optimized with the Yoast SEO plugin v21.6 - https:\/\/yoast.com\/wordpress\/plugins\/seo\/ -->\n<title>Bazon Brock + Joseph Beuys - Design Zentrum<\/title>\n<meta name=\"robots\" content=\"index, follow, max-snippet:-1, max-image-preview:large, max-video-preview:-1\" \/>\n<link rel=\"canonical\" href=\"https:\/\/www.design-zentrum.de\/designblog\/?p=363\" \/>\n<meta name=\"twitter:card\" content=\"summary_large_image\" \/>\n<meta name=\"twitter:title\" content=\"Bazon Brock + Joseph Beuys - Design Zentrum\" \/>\n<meta name=\"twitter:description\" content=\"Am 5. Juni 1965 fand in der Wuppertaler Galerie Parnass das legend\u00e4re \u226524-Stunden-Happening\u201e statt. Die Idee dazu stammte von Bazon Brock, der daf\u00fcr nicht nur den Galeristen Rolf J\u00e4hrling begeisterte, sondern auch Joseph Beuys, Wolf Vostell, Nam Jun Paik und &hellip; Weiterlesen &rarr;\" \/>\n<meta name=\"twitter:label1\" content=\"Verfasst von\" \/>\n\t<meta name=\"twitter:data1\" content=\"admin\" \/>\n\t<meta name=\"twitter:label2\" content=\"Gesch\u00e4tzte Lesezeit\" \/>\n\t<meta name=\"twitter:data2\" content=\"3\u00a0Minuten\" \/>\n<script type=\"application\/ld+json\" class=\"yoast-schema-graph\">{\"@context\":\"https:\/\/schema.org\",\"@graph\":[{\"@type\":\"WebPage\",\"@id\":\"https:\/\/www.design-zentrum.de\/designblog\/?p=363\",\"url\":\"https:\/\/www.design-zentrum.de\/designblog\/?p=363\",\"name\":\"Bazon Brock + Joseph Beuys - Design Zentrum\",\"isPartOf\":{\"@id\":\"https:\/\/www.design-zentrum.de\/designblog\/#website\"},\"datePublished\":\"2021-05-20T10:12:19+00:00\",\"dateModified\":\"2021-06-04T21:12:40+00:00\",\"author\":{\"@id\":\"https:\/\/www.design-zentrum.de\/designblog\/#\/schema\/person\/532a008a1f1e0ba0485bb531d92ed5de\"},\"breadcrumb\":{\"@id\":\"https:\/\/www.design-zentrum.de\/designblog\/?p=363#breadcrumb\"},\"inLanguage\":\"de\",\"potentialAction\":[{\"@type\":\"ReadAction\",\"target\":[\"https:\/\/www.design-zentrum.de\/designblog\/?p=363\"]}]},{\"@type\":\"BreadcrumbList\",\"@id\":\"https:\/\/www.design-zentrum.de\/designblog\/?p=363#breadcrumb\",\"itemListElement\":[{\"@type\":\"ListItem\",\"position\":1,\"name\":\"Startseite\",\"item\":\"https:\/\/www.design-zentrum.de\/designblog\"},{\"@type\":\"ListItem\",\"position\":2,\"name\":\"Bazon Brock + Joseph Beuys\"}]},{\"@type\":\"WebSite\",\"@id\":\"https:\/\/www.design-zentrum.de\/designblog\/#website\",\"url\":\"https:\/\/www.design-zentrum.de\/designblog\/\",\"name\":\"Design Zentrum\",\"description\":\"Informationsplattform f\u00fcr Designer und Unternehmen\",\"potentialAction\":[{\"@type\":\"SearchAction\",\"target\":{\"@type\":\"EntryPoint\",\"urlTemplate\":\"https:\/\/www.design-zentrum.de\/designblog\/?s={search_term_string}\"},\"query-input\":\"required name=search_term_string\"}],\"inLanguage\":\"de\"},{\"@type\":\"Person\",\"@id\":\"https:\/\/www.design-zentrum.de\/designblog\/#\/schema\/person\/532a008a1f1e0ba0485bb531d92ed5de\",\"name\":\"admin\",\"image\":{\"@type\":\"ImageObject\",\"inLanguage\":\"de\",\"@id\":\"https:\/\/www.design-zentrum.de\/designblog\/#\/schema\/person\/image\/\",\"url\":\"https:\/\/secure.gravatar.com\/avatar\/626f0cb7cc7b97b5da5c2f4586d3a97c?s=96&d=mm&r=g\",\"contentUrl\":\"https:\/\/secure.gravatar.com\/avatar\/626f0cb7cc7b97b5da5c2f4586d3a97c?s=96&d=mm&r=g\",\"caption\":\"admin\"},\"url\":\"https:\/\/www.design-zentrum.de\/designblog\/?author=1\"}]}<\/script>\n<!-- \/ Yoast SEO plugin. -->","yoast_head_json":{"title":"Bazon Brock + Joseph Beuys - Design Zentrum","robots":{"index":"index","follow":"follow","max-snippet":"max-snippet:-1","max-image-preview":"max-image-preview:large","max-video-preview":"max-video-preview:-1"},"canonical":"https:\/\/www.design-zentrum.de\/designblog\/?p=363","twitter_card":"summary_large_image","twitter_title":"Bazon Brock + Joseph Beuys - Design Zentrum","twitter_description":"Am 5. Juni 1965 fand in der Wuppertaler Galerie Parnass das legend\u00e4re \u226524-Stunden-Happening\u201e statt. Die Idee dazu stammte von Bazon Brock, der daf\u00fcr nicht nur den Galeristen Rolf J\u00e4hrling begeisterte, sondern auch Joseph Beuys, Wolf Vostell, Nam Jun Paik und &hellip; Weiterlesen &rarr;","twitter_misc":{"Verfasst von":"admin","Gesch\u00e4tzte Lesezeit":"3\u00a0Minuten"},"schema":{"@context":"https:\/\/schema.org","@graph":[{"@type":"WebPage","@id":"https:\/\/www.design-zentrum.de\/designblog\/?p=363","url":"https:\/\/www.design-zentrum.de\/designblog\/?p=363","name":"Bazon Brock + Joseph Beuys - Design Zentrum","isPartOf":{"@id":"https:\/\/www.design-zentrum.de\/designblog\/#website"},"datePublished":"2021-05-20T10:12:19+00:00","dateModified":"2021-06-04T21:12:40+00:00","author":{"@id":"https:\/\/www.design-zentrum.de\/designblog\/#\/schema\/person\/532a008a1f1e0ba0485bb531d92ed5de"},"breadcrumb":{"@id":"https:\/\/www.design-zentrum.de\/designblog\/?p=363#breadcrumb"},"inLanguage":"de","potentialAction":[{"@type":"ReadAction","target":["https:\/\/www.design-zentrum.de\/designblog\/?p=363"]}]},{"@type":"BreadcrumbList","@id":"https:\/\/www.design-zentrum.de\/designblog\/?p=363#breadcrumb","itemListElement":[{"@type":"ListItem","position":1,"name":"Startseite","item":"https:\/\/www.design-zentrum.de\/designblog"},{"@type":"ListItem","position":2,"name":"Bazon Brock + Joseph Beuys"}]},{"@type":"WebSite","@id":"https:\/\/www.design-zentrum.de\/designblog\/#website","url":"https:\/\/www.design-zentrum.de\/designblog\/","name":"Design Zentrum","description":"Informationsplattform f\u00fcr Designer und Unternehmen","potentialAction":[{"@type":"SearchAction","target":{"@type":"EntryPoint","urlTemplate":"https:\/\/www.design-zentrum.de\/designblog\/?s={search_term_string}"},"query-input":"required name=search_term_string"}],"inLanguage":"de"},{"@type":"Person","@id":"https:\/\/www.design-zentrum.de\/designblog\/#\/schema\/person\/532a008a1f1e0ba0485bb531d92ed5de","name":"admin","image":{"@type":"ImageObject","inLanguage":"de","@id":"https:\/\/www.design-zentrum.de\/designblog\/#\/schema\/person\/image\/","url":"https:\/\/secure.gravatar.com\/avatar\/626f0cb7cc7b97b5da5c2f4586d3a97c?s=96&d=mm&r=g","contentUrl":"https:\/\/secure.gravatar.com\/avatar\/626f0cb7cc7b97b5da5c2f4586d3a97c?s=96&d=mm&r=g","caption":"admin"},"url":"https:\/\/www.design-zentrum.de\/designblog\/?author=1"}]}},"_links":{"self":[{"href":"https:\/\/www.design-zentrum.de\/designblog\/index.php?rest_route=\/wp\/v2\/posts\/363"}],"collection":[{"href":"https:\/\/www.design-zentrum.de\/designblog\/index.php?rest_route=\/wp\/v2\/posts"}],"about":[{"href":"https:\/\/www.design-zentrum.de\/designblog\/index.php?rest_route=\/wp\/v2\/types\/post"}],"author":[{"embeddable":true,"href":"https:\/\/www.design-zentrum.de\/designblog\/index.php?rest_route=\/wp\/v2\/users\/1"}],"replies":[{"embeddable":true,"href":"https:\/\/www.design-zentrum.de\/designblog\/index.php?rest_route=%2Fwp%2Fv2%2Fcomments&post=363"}],"version-history":[{"count":1,"href":"https:\/\/www.design-zentrum.de\/designblog\/index.php?rest_route=\/wp\/v2\/posts\/363\/revisions"}],"predecessor-version":[{"id":364,"href":"https:\/\/www.design-zentrum.de\/designblog\/index.php?rest_route=\/wp\/v2\/posts\/363\/revisions\/364"}],"wp:attachment":[{"href":"https:\/\/www.design-zentrum.de\/designblog\/index.php?rest_route=%2Fwp%2Fv2%2Fmedia&parent=363"}],"wp:term":[{"taxonomy":"category","embeddable":true,"href":"https:\/\/www.design-zentrum.de\/designblog\/index.php?rest_route=%2Fwp%2Fv2%2Fcategories&post=363"},{"taxonomy":"post_tag","embeddable":true,"href":"https:\/\/www.design-zentrum.de\/designblog\/index.php?rest_route=%2Fwp%2Fv2%2Ftags&post=363"}],"curies":[{"name":"wp","href":"https:\/\/api.w.org\/{rel}","templated":true}]}}