{"id":358,"date":"2020-12-08T00:53:32","date_gmt":"2020-12-08T00:53:32","guid":{"rendered":"http:\/\/www.design-zentrum.de\/designblog\/?p=358"},"modified":"2020-12-08T00:53:32","modified_gmt":"2020-12-08T00:53:32","slug":"ausstellung-what-a-year","status":"publish","type":"post","link":"https:\/\/www.design-zentrum.de\/designblog\/?p=358","title":{"rendered":"Ausstellung &#8220;What A Year!&#8221;"},"content":{"rendered":"<p>Trotz Covid 19 findet in Wien die Ausstellung &#8220;What a Year&#8221; statt. Anl\u00e4sslich des Joseph Binder Award 2020 \u00bbWhat a Year\u00ab, mit allen nominierten Beitr\u00e4gen \u00f6ffnet das designforum Wien seine T\u00fcren. Au\u00dferdem gibt es einen brandneuen Teaser Film zur Ausstellung.<\/p>\n<p>Unter einer Rekordzahl von 1029 Einreichungen aus 46 L\u00e4ndern vergab die internationale ExpertInnenjury 6 Mal Gold, 18 Mal Silber und 7 Mal Bronze, 24 Arbeiten erhielten eine Auszeichnung. Wer die Troph\u00e4en gewonnen hat wurde am 12. November 2020 im Award Film verk\u00fcndet und steht euch auch weiterhin als Stream zur Verf\u00fcgung.<\/p>\n<p>Zum Wettbewerb ist der JBA20-Katalog erschienen, in dem alle ausgezeichneten und nominierten Projekte dokumentiert und die Mitglieder der internationalen Jury vorgestellt werden. Der Katalog ist zum Preis von 27,50 Euro (inkl. 5% Ust.) erh\u00e4ltlich, designaustria-Mitglieder erhalten 50% Rabatt. Bestellungen per Mail an service@designaustria.at.<\/p>\n<p><strong>\u00d6ffnungszeiten: Mo\u2013Fr 10\u201316 Uhr | Sa, So &amp; Fei 13\u201318 Uhr<\/strong><\/p>\n","protected":false},"excerpt":{"rendered":"<p>Trotz Covid 19 findet in Wien die Ausstellung &#8220;What a Year&#8221; statt. Anl\u00e4sslich des Joseph Binder Award 2020 \u00bbWhat a Year\u00ab, mit allen nominierten Beitr\u00e4gen \u00f6ffnet das designforum Wien seine T\u00fcren. Au\u00dferdem gibt es einen brandneuen Teaser Film zur Ausstellung. &hellip; <a href=\"https:\/\/www.design-zentrum.de\/designblog\/?p=358\">Weiterlesen <span class=\"meta-nav\">&rarr;<\/span><\/a><\/p>\n","protected":false},"author":1,"featured_media":0,"comment_status":"closed","ping_status":"open","sticky":false,"template":"","format":"standard","meta":{"footnotes":""},"categories":[3,117],"tags":[],"yoast_head":"<!-- This site is optimized with the Yoast SEO plugin v21.6 - https:\/\/yoast.com\/wordpress\/plugins\/seo\/ -->\n<title>Ausstellung &quot;What A Year!&quot; - Design Zentrum<\/title>\n<meta name=\"robots\" content=\"index, follow, max-snippet:-1, max-image-preview:large, max-video-preview:-1\" \/>\n<link rel=\"canonical\" href=\"https:\/\/www.design-zentrum.de\/designblog\/?p=358\" \/>\n<meta name=\"twitter:card\" content=\"summary_large_image\" \/>\n<meta name=\"twitter:title\" content=\"Ausstellung &quot;What A Year!&quot; - Design Zentrum\" \/>\n<meta name=\"twitter:description\" content=\"Trotz Covid 19 findet in Wien die Ausstellung &#8220;What a Year&#8221; statt. Anl\u00e4sslich des Joseph Binder Award 2020 \u00bbWhat a Year\u00ab, mit allen nominierten Beitr\u00e4gen \u00f6ffnet das designforum Wien seine T\u00fcren. Au\u00dferdem gibt es einen brandneuen Teaser Film zur Ausstellung. &hellip; Weiterlesen &rarr;\" \/>\n<meta name=\"twitter:label1\" content=\"Verfasst von\" \/>\n\t<meta name=\"twitter:data1\" content=\"admin\" \/>\n\t<meta name=\"twitter:label2\" content=\"Gesch\u00e4tzte Lesezeit\" \/>\n\t<meta name=\"twitter:data2\" content=\"1\u00a0Minute\" \/>\n<script type=\"application\/ld+json\" class=\"yoast-schema-graph\">{\"@context\":\"https:\/\/schema.org\",\"@graph\":[{\"@type\":\"WebPage\",\"@id\":\"https:\/\/www.design-zentrum.de\/designblog\/?p=358\",\"url\":\"https:\/\/www.design-zentrum.de\/designblog\/?p=358\",\"name\":\"Ausstellung \\\"What A Year!\\\" - Design Zentrum\",\"isPartOf\":{\"@id\":\"https:\/\/www.design-zentrum.de\/designblog\/#website\"},\"datePublished\":\"2020-12-08T00:53:32+00:00\",\"dateModified\":\"2020-12-08T00:53:32+00:00\",\"author\":{\"@id\":\"https:\/\/www.design-zentrum.de\/designblog\/#\/schema\/person\/532a008a1f1e0ba0485bb531d92ed5de\"},\"breadcrumb\":{\"@id\":\"https:\/\/www.design-zentrum.de\/designblog\/?p=358#breadcrumb\"},\"inLanguage\":\"de\",\"potentialAction\":[{\"@type\":\"ReadAction\",\"target\":[\"https:\/\/www.design-zentrum.de\/designblog\/?p=358\"]}]},{\"@type\":\"BreadcrumbList\",\"@id\":\"https:\/\/www.design-zentrum.de\/designblog\/?p=358#breadcrumb\",\"itemListElement\":[{\"@type\":\"ListItem\",\"position\":1,\"name\":\"Startseite\",\"item\":\"https:\/\/www.design-zentrum.de\/designblog\"},{\"@type\":\"ListItem\",\"position\":2,\"name\":\"Ausstellung &#8220;What A Year!&#8221;\"}]},{\"@type\":\"WebSite\",\"@id\":\"https:\/\/www.design-zentrum.de\/designblog\/#website\",\"url\":\"https:\/\/www.design-zentrum.de\/designblog\/\",\"name\":\"Design Zentrum\",\"description\":\"Informationsplattform f\u00fcr Designer und Unternehmen\",\"potentialAction\":[{\"@type\":\"SearchAction\",\"target\":{\"@type\":\"EntryPoint\",\"urlTemplate\":\"https:\/\/www.design-zentrum.de\/designblog\/?s={search_term_string}\"},\"query-input\":\"required name=search_term_string\"}],\"inLanguage\":\"de\"},{\"@type\":\"Person\",\"@id\":\"https:\/\/www.design-zentrum.de\/designblog\/#\/schema\/person\/532a008a1f1e0ba0485bb531d92ed5de\",\"name\":\"admin\",\"image\":{\"@type\":\"ImageObject\",\"inLanguage\":\"de\",\"@id\":\"https:\/\/www.design-zentrum.de\/designblog\/#\/schema\/person\/image\/\",\"url\":\"https:\/\/secure.gravatar.com\/avatar\/626f0cb7cc7b97b5da5c2f4586d3a97c?s=96&d=mm&r=g\",\"contentUrl\":\"https:\/\/secure.gravatar.com\/avatar\/626f0cb7cc7b97b5da5c2f4586d3a97c?s=96&d=mm&r=g\",\"caption\":\"admin\"},\"url\":\"https:\/\/www.design-zentrum.de\/designblog\/?author=1\"}]}<\/script>\n<!-- \/ Yoast SEO plugin. -->","yoast_head_json":{"title":"Ausstellung \"What A Year!\" - Design Zentrum","robots":{"index":"index","follow":"follow","max-snippet":"max-snippet:-1","max-image-preview":"max-image-preview:large","max-video-preview":"max-video-preview:-1"},"canonical":"https:\/\/www.design-zentrum.de\/designblog\/?p=358","twitter_card":"summary_large_image","twitter_title":"Ausstellung \"What A Year!\" - Design Zentrum","twitter_description":"Trotz Covid 19 findet in Wien die Ausstellung &#8220;What a Year&#8221; statt. Anl\u00e4sslich des Joseph Binder Award 2020 \u00bbWhat a Year\u00ab, mit allen nominierten Beitr\u00e4gen \u00f6ffnet das designforum Wien seine T\u00fcren. Au\u00dferdem gibt es einen brandneuen Teaser Film zur Ausstellung. &hellip; Weiterlesen &rarr;","twitter_misc":{"Verfasst von":"admin","Gesch\u00e4tzte Lesezeit":"1\u00a0Minute"},"schema":{"@context":"https:\/\/schema.org","@graph":[{"@type":"WebPage","@id":"https:\/\/www.design-zentrum.de\/designblog\/?p=358","url":"https:\/\/www.design-zentrum.de\/designblog\/?p=358","name":"Ausstellung \"What A Year!\" - Design Zentrum","isPartOf":{"@id":"https:\/\/www.design-zentrum.de\/designblog\/#website"},"datePublished":"2020-12-08T00:53:32+00:00","dateModified":"2020-12-08T00:53:32+00:00","author":{"@id":"https:\/\/www.design-zentrum.de\/designblog\/#\/schema\/person\/532a008a1f1e0ba0485bb531d92ed5de"},"breadcrumb":{"@id":"https:\/\/www.design-zentrum.de\/designblog\/?p=358#breadcrumb"},"inLanguage":"de","potentialAction":[{"@type":"ReadAction","target":["https:\/\/www.design-zentrum.de\/designblog\/?p=358"]}]},{"@type":"BreadcrumbList","@id":"https:\/\/www.design-zentrum.de\/designblog\/?p=358#breadcrumb","itemListElement":[{"@type":"ListItem","position":1,"name":"Startseite","item":"https:\/\/www.design-zentrum.de\/designblog"},{"@type":"ListItem","position":2,"name":"Ausstellung &#8220;What A Year!&#8221;"}]},{"@type":"WebSite","@id":"https:\/\/www.design-zentrum.de\/designblog\/#website","url":"https:\/\/www.design-zentrum.de\/designblog\/","name":"Design Zentrum","description":"Informationsplattform f\u00fcr Designer und Unternehmen","potentialAction":[{"@type":"SearchAction","target":{"@type":"EntryPoint","urlTemplate":"https:\/\/www.design-zentrum.de\/designblog\/?s={search_term_string}"},"query-input":"required name=search_term_string"}],"inLanguage":"de"},{"@type":"Person","@id":"https:\/\/www.design-zentrum.de\/designblog\/#\/schema\/person\/532a008a1f1e0ba0485bb531d92ed5de","name":"admin","image":{"@type":"ImageObject","inLanguage":"de","@id":"https:\/\/www.design-zentrum.de\/designblog\/#\/schema\/person\/image\/","url":"https:\/\/secure.gravatar.com\/avatar\/626f0cb7cc7b97b5da5c2f4586d3a97c?s=96&d=mm&r=g","contentUrl":"https:\/\/secure.gravatar.com\/avatar\/626f0cb7cc7b97b5da5c2f4586d3a97c?s=96&d=mm&r=g","caption":"admin"},"url":"https:\/\/www.design-zentrum.de\/designblog\/?author=1"}]}},"_links":{"self":[{"href":"https:\/\/www.design-zentrum.de\/designblog\/index.php?rest_route=\/wp\/v2\/posts\/358"}],"collection":[{"href":"https:\/\/www.design-zentrum.de\/designblog\/index.php?rest_route=\/wp\/v2\/posts"}],"about":[{"href":"https:\/\/www.design-zentrum.de\/designblog\/index.php?rest_route=\/wp\/v2\/types\/post"}],"author":[{"embeddable":true,"href":"https:\/\/www.design-zentrum.de\/designblog\/index.php?rest_route=\/wp\/v2\/users\/1"}],"replies":[{"embeddable":true,"href":"https:\/\/www.design-zentrum.de\/designblog\/index.php?rest_route=%2Fwp%2Fv2%2Fcomments&post=358"}],"version-history":[{"count":1,"href":"https:\/\/www.design-zentrum.de\/designblog\/index.php?rest_route=\/wp\/v2\/posts\/358\/revisions"}],"predecessor-version":[{"id":359,"href":"https:\/\/www.design-zentrum.de\/designblog\/index.php?rest_route=\/wp\/v2\/posts\/358\/revisions\/359"}],"wp:attachment":[{"href":"https:\/\/www.design-zentrum.de\/designblog\/index.php?rest_route=%2Fwp%2Fv2%2Fmedia&parent=358"}],"wp:term":[{"taxonomy":"category","embeddable":true,"href":"https:\/\/www.design-zentrum.de\/designblog\/index.php?rest_route=%2Fwp%2Fv2%2Fcategories&post=358"},{"taxonomy":"post_tag","embeddable":true,"href":"https:\/\/www.design-zentrum.de\/designblog\/index.php?rest_route=%2Fwp%2Fv2%2Ftags&post=358"}],"curies":[{"name":"wp","href":"https:\/\/api.w.org\/{rel}","templated":true}]}}