{"id":355,"date":"2020-11-10T17:12:34","date_gmt":"2020-11-10T17:12:34","guid":{"rendered":"http:\/\/www.design-zentrum.de\/designblog\/?p=355"},"modified":"2020-11-10T17:12:34","modified_gmt":"2020-11-10T17:12:34","slug":"award-show-und-ausstellung-zum-joseph-binder-award-2020","status":"publish","type":"post","link":"https:\/\/www.design-zentrum.de\/designblog\/?p=355","title":{"rendered":"Award Show und Ausstellung zum Joseph Binder Award 2020"},"content":{"rendered":"<p>Die internationale Jury des Joseph Binder Award 2020 tagte im Juli per Videokonferenz und nominierte aus insgesamt 1.029 Einreichungen 60 Projekte f\u00fcr einen Hauptpreis. Wer die Troph\u00e4en in Gold, Silber und Bronze gewonnen hat, wird am Donnerstag, 12. November im Rahmen der Award Show via Stream auf der Youtube-Seite von designaustria verlautbart und ist danach weiterhin als Video verf\u00fcgbar.<\/p>\n<p>Aufgrund der aktuellen Vorgaben der Regierung bez\u00fcglich Covid-19 ist die Ausstellung zum JBA20 \u00bbWhat A Year!\u00ab mit allen nominierten Beitr\u00e4gen erst ab Dienstag, 1. Dezember im designforum Wien zu sehen.<\/p>\n<p>FRAG FRAU SANDRA<br \/>\n1. Dezember 2020, 16.30\u201318.30 Uhr, designforum Wien<br \/>\nim Rahmen des #DenkWeiter-Fortbildungsprogramms<\/p>\n<p>In einer 30-Minuten-Frage-Antwort-Session mit Sandra Reichl k\u00f6nnen junge DesignerInnen im Vier-Augen-Gespr\u00e4ch unverbl\u00fcmt Fragen stellen, Feedback bekommen und Insights gewinnen. Noch wenige Pl\u00e4tze frei! Anmeldung\u00a0bis 24. November an\u00a0projekte@designaustria.at<\/p>\n<p>CIRCULAR DESIGN<br \/>\n11. Dezember 2020, 10.00\u201316.30 Uhr, designforum Wien<br \/>\nim Rahmen des #DenkWeiter-Fortbildungsprogramms<\/p>\n<p>Die g\u00e4ngigen Nachhaltigkeitsstrategien r\u00fccken vielfach \u00bbVerzicht und Reduktion\u00ab in den Mittelpunkt. Kann damit der notwendige Wandel erreicht werden? Einen alternativen L\u00f6sungsweg beschreibt das Prinzip einer zirkul\u00e4ren Wirtschaft (Circular Economy). Vortrag mit Workshop-Elementen von Magnus Fischer (fibra). Anmeldung\u00a0bis 3. Dezember an\u00a0projekte@designaustria.at<\/p>\n<p>Online-Award Show: 12. November 2020, 18.30 Uhr, Youtube<br \/>\nAusstellung: 01. Dezember 2020 \u2013 10. J\u00e4nner 2021, designforum Wien<\/p>\n<p>\u00d6ffnungszeiten: Mo\u2013Fr 10\u201316 Uhr | Sa &amp; So 13\u201318 Uhr<\/p>\n<p>designforum Wien<br \/>\nMuseumsQuartier Wien \/ Museumsplatz 1<br \/>\nWien 1070<br \/>\nAustria<\/p>\n","protected":false},"excerpt":{"rendered":"<p>Die internationale Jury des Joseph Binder Award 2020 tagte im Juli per Videokonferenz und nominierte aus insgesamt 1.029 Einreichungen 60 Projekte f\u00fcr einen Hauptpreis. Wer die Troph\u00e4en in Gold, Silber und Bronze gewonnen hat, wird am Donnerstag, 12. November im &hellip; <a href=\"https:\/\/www.design-zentrum.de\/designblog\/?p=355\">Weiterlesen <span class=\"meta-nav\">&rarr;<\/span><\/a><\/p>\n","protected":false},"author":1,"featured_media":0,"comment_status":"closed","ping_status":"open","sticky":false,"template":"","format":"standard","meta":{"footnotes":""},"categories":[3],"tags":[208],"yoast_head":"<!-- This site is optimized with the Yoast SEO plugin v21.6 - https:\/\/yoast.com\/wordpress\/plugins\/seo\/ -->\n<title>Award Show und Ausstellung zum Joseph Binder Award 2020 - Design Zentrum<\/title>\n<meta name=\"robots\" content=\"index, follow, max-snippet:-1, max-image-preview:large, max-video-preview:-1\" \/>\n<link rel=\"canonical\" href=\"https:\/\/www.design-zentrum.de\/designblog\/?p=355\" \/>\n<meta name=\"twitter:card\" content=\"summary_large_image\" \/>\n<meta name=\"twitter:title\" content=\"Award Show und Ausstellung zum Joseph Binder Award 2020 - Design Zentrum\" \/>\n<meta name=\"twitter:description\" content=\"Die internationale Jury des Joseph Binder Award 2020 tagte im Juli per Videokonferenz und nominierte aus insgesamt 1.029 Einreichungen 60 Projekte f\u00fcr einen Hauptpreis. Wer die Troph\u00e4en in Gold, Silber und Bronze gewonnen hat, wird am Donnerstag, 12. November im &hellip; Weiterlesen &rarr;\" \/>\n<meta name=\"twitter:label1\" content=\"Verfasst von\" \/>\n\t<meta name=\"twitter:data1\" content=\"admin\" \/>\n\t<meta name=\"twitter:label2\" content=\"Gesch\u00e4tzte Lesezeit\" \/>\n\t<meta name=\"twitter:data2\" content=\"1\u00a0Minute\" \/>\n<script type=\"application\/ld+json\" class=\"yoast-schema-graph\">{\"@context\":\"https:\/\/schema.org\",\"@graph\":[{\"@type\":\"WebPage\",\"@id\":\"https:\/\/www.design-zentrum.de\/designblog\/?p=355\",\"url\":\"https:\/\/www.design-zentrum.de\/designblog\/?p=355\",\"name\":\"Award Show und Ausstellung zum Joseph Binder Award 2020 - Design Zentrum\",\"isPartOf\":{\"@id\":\"https:\/\/www.design-zentrum.de\/designblog\/#website\"},\"datePublished\":\"2020-11-10T17:12:34+00:00\",\"dateModified\":\"2020-11-10T17:12:34+00:00\",\"author\":{\"@id\":\"https:\/\/www.design-zentrum.de\/designblog\/#\/schema\/person\/532a008a1f1e0ba0485bb531d92ed5de\"},\"breadcrumb\":{\"@id\":\"https:\/\/www.design-zentrum.de\/designblog\/?p=355#breadcrumb\"},\"inLanguage\":\"de\",\"potentialAction\":[{\"@type\":\"ReadAction\",\"target\":[\"https:\/\/www.design-zentrum.de\/designblog\/?p=355\"]}]},{\"@type\":\"BreadcrumbList\",\"@id\":\"https:\/\/www.design-zentrum.de\/designblog\/?p=355#breadcrumb\",\"itemListElement\":[{\"@type\":\"ListItem\",\"position\":1,\"name\":\"Startseite\",\"item\":\"https:\/\/www.design-zentrum.de\/designblog\"},{\"@type\":\"ListItem\",\"position\":2,\"name\":\"Award Show und Ausstellung zum Joseph Binder Award 2020\"}]},{\"@type\":\"WebSite\",\"@id\":\"https:\/\/www.design-zentrum.de\/designblog\/#website\",\"url\":\"https:\/\/www.design-zentrum.de\/designblog\/\",\"name\":\"Design Zentrum\",\"description\":\"Informationsplattform f\u00fcr Designer und Unternehmen\",\"potentialAction\":[{\"@type\":\"SearchAction\",\"target\":{\"@type\":\"EntryPoint\",\"urlTemplate\":\"https:\/\/www.design-zentrum.de\/designblog\/?s={search_term_string}\"},\"query-input\":\"required name=search_term_string\"}],\"inLanguage\":\"de\"},{\"@type\":\"Person\",\"@id\":\"https:\/\/www.design-zentrum.de\/designblog\/#\/schema\/person\/532a008a1f1e0ba0485bb531d92ed5de\",\"name\":\"admin\",\"image\":{\"@type\":\"ImageObject\",\"inLanguage\":\"de\",\"@id\":\"https:\/\/www.design-zentrum.de\/designblog\/#\/schema\/person\/image\/\",\"url\":\"https:\/\/secure.gravatar.com\/avatar\/626f0cb7cc7b97b5da5c2f4586d3a97c?s=96&d=mm&r=g\",\"contentUrl\":\"https:\/\/secure.gravatar.com\/avatar\/626f0cb7cc7b97b5da5c2f4586d3a97c?s=96&d=mm&r=g\",\"caption\":\"admin\"},\"url\":\"https:\/\/www.design-zentrum.de\/designblog\/?author=1\"}]}<\/script>\n<!-- \/ Yoast SEO plugin. -->","yoast_head_json":{"title":"Award Show und Ausstellung zum Joseph Binder Award 2020 - Design Zentrum","robots":{"index":"index","follow":"follow","max-snippet":"max-snippet:-1","max-image-preview":"max-image-preview:large","max-video-preview":"max-video-preview:-1"},"canonical":"https:\/\/www.design-zentrum.de\/designblog\/?p=355","twitter_card":"summary_large_image","twitter_title":"Award Show und Ausstellung zum Joseph Binder Award 2020 - Design Zentrum","twitter_description":"Die internationale Jury des Joseph Binder Award 2020 tagte im Juli per Videokonferenz und nominierte aus insgesamt 1.029 Einreichungen 60 Projekte f\u00fcr einen Hauptpreis. Wer die Troph\u00e4en in Gold, Silber und Bronze gewonnen hat, wird am Donnerstag, 12. November im &hellip; Weiterlesen &rarr;","twitter_misc":{"Verfasst von":"admin","Gesch\u00e4tzte Lesezeit":"1\u00a0Minute"},"schema":{"@context":"https:\/\/schema.org","@graph":[{"@type":"WebPage","@id":"https:\/\/www.design-zentrum.de\/designblog\/?p=355","url":"https:\/\/www.design-zentrum.de\/designblog\/?p=355","name":"Award Show und Ausstellung zum Joseph Binder Award 2020 - Design Zentrum","isPartOf":{"@id":"https:\/\/www.design-zentrum.de\/designblog\/#website"},"datePublished":"2020-11-10T17:12:34+00:00","dateModified":"2020-11-10T17:12:34+00:00","author":{"@id":"https:\/\/www.design-zentrum.de\/designblog\/#\/schema\/person\/532a008a1f1e0ba0485bb531d92ed5de"},"breadcrumb":{"@id":"https:\/\/www.design-zentrum.de\/designblog\/?p=355#breadcrumb"},"inLanguage":"de","potentialAction":[{"@type":"ReadAction","target":["https:\/\/www.design-zentrum.de\/designblog\/?p=355"]}]},{"@type":"BreadcrumbList","@id":"https:\/\/www.design-zentrum.de\/designblog\/?p=355#breadcrumb","itemListElement":[{"@type":"ListItem","position":1,"name":"Startseite","item":"https:\/\/www.design-zentrum.de\/designblog"},{"@type":"ListItem","position":2,"name":"Award Show und Ausstellung zum Joseph Binder Award 2020"}]},{"@type":"WebSite","@id":"https:\/\/www.design-zentrum.de\/designblog\/#website","url":"https:\/\/www.design-zentrum.de\/designblog\/","name":"Design Zentrum","description":"Informationsplattform f\u00fcr Designer und Unternehmen","potentialAction":[{"@type":"SearchAction","target":{"@type":"EntryPoint","urlTemplate":"https:\/\/www.design-zentrum.de\/designblog\/?s={search_term_string}"},"query-input":"required name=search_term_string"}],"inLanguage":"de"},{"@type":"Person","@id":"https:\/\/www.design-zentrum.de\/designblog\/#\/schema\/person\/532a008a1f1e0ba0485bb531d92ed5de","name":"admin","image":{"@type":"ImageObject","inLanguage":"de","@id":"https:\/\/www.design-zentrum.de\/designblog\/#\/schema\/person\/image\/","url":"https:\/\/secure.gravatar.com\/avatar\/626f0cb7cc7b97b5da5c2f4586d3a97c?s=96&d=mm&r=g","contentUrl":"https:\/\/secure.gravatar.com\/avatar\/626f0cb7cc7b97b5da5c2f4586d3a97c?s=96&d=mm&r=g","caption":"admin"},"url":"https:\/\/www.design-zentrum.de\/designblog\/?author=1"}]}},"_links":{"self":[{"href":"https:\/\/www.design-zentrum.de\/designblog\/index.php?rest_route=\/wp\/v2\/posts\/355"}],"collection":[{"href":"https:\/\/www.design-zentrum.de\/designblog\/index.php?rest_route=\/wp\/v2\/posts"}],"about":[{"href":"https:\/\/www.design-zentrum.de\/designblog\/index.php?rest_route=\/wp\/v2\/types\/post"}],"author":[{"embeddable":true,"href":"https:\/\/www.design-zentrum.de\/designblog\/index.php?rest_route=\/wp\/v2\/users\/1"}],"replies":[{"embeddable":true,"href":"https:\/\/www.design-zentrum.de\/designblog\/index.php?rest_route=%2Fwp%2Fv2%2Fcomments&post=355"}],"version-history":[{"count":1,"href":"https:\/\/www.design-zentrum.de\/designblog\/index.php?rest_route=\/wp\/v2\/posts\/355\/revisions"}],"predecessor-version":[{"id":356,"href":"https:\/\/www.design-zentrum.de\/designblog\/index.php?rest_route=\/wp\/v2\/posts\/355\/revisions\/356"}],"wp:attachment":[{"href":"https:\/\/www.design-zentrum.de\/designblog\/index.php?rest_route=%2Fwp%2Fv2%2Fmedia&parent=355"}],"wp:term":[{"taxonomy":"category","embeddable":true,"href":"https:\/\/www.design-zentrum.de\/designblog\/index.php?rest_route=%2Fwp%2Fv2%2Fcategories&post=355"},{"taxonomy":"post_tag","embeddable":true,"href":"https:\/\/www.design-zentrum.de\/designblog\/index.php?rest_route=%2Fwp%2Fv2%2Ftags&post=355"}],"curies":[{"name":"wp","href":"https:\/\/api.w.org\/{rel}","templated":true}]}}