{"id":34,"date":"2010-03-02T01:24:09","date_gmt":"2010-03-01T23:24:09","guid":{"rendered":"http:\/\/design-zentrum.de\/designblog\/?p=34"},"modified":"2010-03-02T01:24:09","modified_gmt":"2010-03-01T23:24:09","slug":"fotoausstellung-von-armin-t-wegener","status":"publish","type":"post","link":"https:\/\/www.design-zentrum.de\/designblog\/?p=34","title":{"rendered":"Fotoausstellung von Armin T. Wegener"},"content":{"rendered":"<p>Der Wuppertaler Armin T. Wegner (*1887, Elberfeld, 1978, im Exil in Rom)  Schriftsteller, Essayist, Reisender und kritischer Beobachter seiner Zeit  z\u00e4hlt zu den weithin vergessenen Autoren des 20. Jahrhunderts.  Bekannt wurde Wegner durch seinen von sp\u00e4tromantischen Naturbildern gepr\u00e4gten Lyrikband &#8220;Zwischen zwei St\u00e4dten\u201e (1909) und seiner expressionistisch anklagenden Lyrik gegen den voranschreitenden Kulturverlust in 2Das Antlitz der St\u00e4dte\u201e (1917). Zum ber\u00fchmten Bestsellerautor avancierte er in den zwanziger Jahren mit seinen Reiseberichten, z.B.:&#8221;Am Kreuzweg der Welten\u201e (1930). Die Texte des vom Orient faszinierten Schriftstellers erz\u00e4hlen von seinen ausgedehnten und abenteuerlichen Reisen, die er zusammen mit seiner Frau, der j\u00fcdischen Dichterin Lola Landau, unternahm und zeugen zugleich von seiner Leidenschaft zum Leben und Erleben. Bei all seiner Lebensfreude und seinem unb\u00e4ndigen Ma\u00df an Weltvertrauen verga\u00df er jedoch nie, auch hinter die Kulissen des Zeitgeschehens zu blicken. So z.B. w\u00e4hrend seiner Zeit als Krankenpfleger des Roten Kreuzes in Bagdad, wo er 1915 von der Vertreibung der christlichen Armenier durch die T\u00fcrken erfuhr. <\/p>\n<p>Trotz Verbots begab er sich in die Fl\u00fcchtlingslager, fotografierte mit einer einfachen Plattenkamera und schmuggelte Briefe der Verfolgten zur amerikanischen Botschaft und die Bilder zusammengerollt unter seiner Bauchbinde nach Deutschland. Gepr\u00e4gt von den Erfahrungen im Ersten Weltkrieg wurde Wegner zum Pazifisten, der Gerechtigkeit, Gleichheit und Menschlichkeit unter den Menschen forderte. Seinen unbestechlichen Gerechtigkeitssinn brachte er schlie\u00dflich in seinen pazifistischen und revolution\u00e4ren Aufrufen wie etwa Der Ankl\u00e4ger Aufruf zur Revolution\u201e, seinem Dia-Vortrag Vertreibung des armenischen Volkes in die W\u00fcste\u201e oder in seinem Brief an Hitler\u201e zum Ausdruck.   Mit dem Jahr 1933 ver\u00e4nderte sich das Leben Wegners radikal. Sein Name fand sich auf der ersten Schwarzen Liste\u201e, seine Werke wurden verbrannt, er bekam Berufsverbot und wurde im August von der SA verhaftet. W\u00e4hrend seiner viermonatigen Haft durchlief er mehrere Konzentrationslager u.a. B\u00f6rgermoor. Auf Druck internationaler Kr\u00e4fte freigelassen, ging er 1936 ins lebenslange italienische Exil. Nach dem Krieg galt Wegner als verschollen, zeitweilig hielt man ihn sogar f\u00fcr tot. <\/p>\n<p>An seine Erfolge w\u00e4hrend der Weimarer Republik konnte er nicht mehr ankn\u00fcpfen, obschon er von Israel, Armenien und auch der Bundesrepublik f\u00fcr seinen zivilen Mut geehrt wurde und Nachdrucke fr\u00fcherer Werke ebenso erschienen wie Essays und etliche Rundfunkbeitr\u00e4ge.   Das Kunstmuseum Solingen zeigt einen charakteristischen Teil dieser fotografischen Arbeiten, von eben jenen Reisen durch den Kaukasus nach Persien, Pal\u00e4stina und \u00c4gypten. Er ist in sofern kulturhistorisch bedeutsam, als er erg\u00e4nzend zu den Reiseb\u00fcchern F\u00fcnf Finger \u00fcber Dir\u201e und Jagd durch das tausendj\u00e4hrige Reich\u201e tiefe Einblicke in das Alltagsleben der fr\u00fchen Sowjetunion sowie des damals noch &#8220;illegalen\u201e Staates Israel gew\u00e4hrt. Von den Aufnahmen, die Wegner mit einer einfachen Plattenkamera von der Vertreibung und den Morden an den Armeniern machte, sind nur die Glasdiapositive zu einem Vortrag \u00fcberliefert, den er zwischen 1919 und 1924 hielt, um die breite \u00d6ffentlichkeit zur Hilfe f\u00fcr das armenische Volk zu mobilisieren. Sie sind in neuen Drucken ausgestellt. Die zahlreichen, auf den Reisen mit der Leica aufgenommenen Bilder sind zumeist nur noch in Form maschineller Papier-Abz\u00fcge vorhanden. In Familienbesitz fanden sich vor einiger Zeit Kopien von etlichen dieser Aufnahmen, die Wegner in Vorbereitung zu seinen B\u00fcchern montiert und beschriftet hat. Neben den ersch\u00fctternden Bildern von der Vertreibung der Armenier bilden sie den Kern der Ausstellung. <\/p>\n","protected":false},"excerpt":{"rendered":"<p>Der Wuppertaler Armin T. Wegner (*1887, Elberfeld, 1978, im Exil in Rom) Schriftsteller, Essayist, Reisender und kritischer Beobachter seiner Zeit z\u00e4hlt zu den weithin vergessenen Autoren des 20. Jahrhunderts. Bekannt wurde Wegner durch seinen von sp\u00e4tromantischen Naturbildern gepr\u00e4gten Lyrikband &#8220;Zwischen &hellip; <a href=\"https:\/\/www.design-zentrum.de\/designblog\/?p=34\">Weiterlesen <span class=\"meta-nav\">&rarr;<\/span><\/a><\/p>\n","protected":false},"author":1,"featured_media":0,"comment_status":"open","ping_status":"open","sticky":false,"template":"","format":"standard","meta":{"footnotes":""},"categories":[1],"tags":[],"yoast_head":"<!-- This site is optimized with the Yoast SEO plugin v21.6 - https:\/\/yoast.com\/wordpress\/plugins\/seo\/ -->\n<title>Fotoausstellung von Armin T. Wegener - Design Zentrum<\/title>\n<meta name=\"robots\" content=\"index, follow, max-snippet:-1, max-image-preview:large, max-video-preview:-1\" \/>\n<link rel=\"canonical\" href=\"https:\/\/www.design-zentrum.de\/designblog\/?p=34\" \/>\n<meta name=\"twitter:card\" content=\"summary_large_image\" \/>\n<meta name=\"twitter:title\" content=\"Fotoausstellung von Armin T. Wegener - Design Zentrum\" \/>\n<meta name=\"twitter:description\" content=\"Der Wuppertaler Armin T. Wegner (*1887, Elberfeld, 1978, im Exil in Rom) Schriftsteller, Essayist, Reisender und kritischer Beobachter seiner Zeit z\u00e4hlt zu den weithin vergessenen Autoren des 20. Jahrhunderts. Bekannt wurde Wegner durch seinen von sp\u00e4tromantischen Naturbildern gepr\u00e4gten Lyrikband &#8220;Zwischen &hellip; Weiterlesen &rarr;\" \/>\n<meta name=\"twitter:label1\" content=\"Verfasst von\" \/>\n\t<meta name=\"twitter:data1\" content=\"admin\" \/>\n\t<meta name=\"twitter:label2\" content=\"Gesch\u00e4tzte Lesezeit\" \/>\n\t<meta name=\"twitter:data2\" content=\"3\u00a0Minuten\" \/>\n<script type=\"application\/ld+json\" class=\"yoast-schema-graph\">{\"@context\":\"https:\/\/schema.org\",\"@graph\":[{\"@type\":\"WebPage\",\"@id\":\"https:\/\/www.design-zentrum.de\/designblog\/?p=34\",\"url\":\"https:\/\/www.design-zentrum.de\/designblog\/?p=34\",\"name\":\"Fotoausstellung von Armin T. Wegener - Design Zentrum\",\"isPartOf\":{\"@id\":\"https:\/\/www.design-zentrum.de\/designblog\/#website\"},\"datePublished\":\"2010-03-01T23:24:09+00:00\",\"dateModified\":\"2010-03-01T23:24:09+00:00\",\"author\":{\"@id\":\"https:\/\/www.design-zentrum.de\/designblog\/#\/schema\/person\/532a008a1f1e0ba0485bb531d92ed5de\"},\"breadcrumb\":{\"@id\":\"https:\/\/www.design-zentrum.de\/designblog\/?p=34#breadcrumb\"},\"inLanguage\":\"de\",\"potentialAction\":[{\"@type\":\"ReadAction\",\"target\":[\"https:\/\/www.design-zentrum.de\/designblog\/?p=34\"]}]},{\"@type\":\"BreadcrumbList\",\"@id\":\"https:\/\/www.design-zentrum.de\/designblog\/?p=34#breadcrumb\",\"itemListElement\":[{\"@type\":\"ListItem\",\"position\":1,\"name\":\"Startseite\",\"item\":\"https:\/\/www.design-zentrum.de\/designblog\"},{\"@type\":\"ListItem\",\"position\":2,\"name\":\"Fotoausstellung von Armin T. Wegener\"}]},{\"@type\":\"WebSite\",\"@id\":\"https:\/\/www.design-zentrum.de\/designblog\/#website\",\"url\":\"https:\/\/www.design-zentrum.de\/designblog\/\",\"name\":\"Design Zentrum\",\"description\":\"Informationsplattform f\u00fcr Designer und Unternehmen\",\"potentialAction\":[{\"@type\":\"SearchAction\",\"target\":{\"@type\":\"EntryPoint\",\"urlTemplate\":\"https:\/\/www.design-zentrum.de\/designblog\/?s={search_term_string}\"},\"query-input\":\"required name=search_term_string\"}],\"inLanguage\":\"de\"},{\"@type\":\"Person\",\"@id\":\"https:\/\/www.design-zentrum.de\/designblog\/#\/schema\/person\/532a008a1f1e0ba0485bb531d92ed5de\",\"name\":\"admin\",\"image\":{\"@type\":\"ImageObject\",\"inLanguage\":\"de\",\"@id\":\"https:\/\/www.design-zentrum.de\/designblog\/#\/schema\/person\/image\/\",\"url\":\"https:\/\/secure.gravatar.com\/avatar\/626f0cb7cc7b97b5da5c2f4586d3a97c?s=96&d=mm&r=g\",\"contentUrl\":\"https:\/\/secure.gravatar.com\/avatar\/626f0cb7cc7b97b5da5c2f4586d3a97c?s=96&d=mm&r=g\",\"caption\":\"admin\"},\"url\":\"https:\/\/www.design-zentrum.de\/designblog\/?author=1\"}]}<\/script>\n<!-- \/ Yoast SEO plugin. -->","yoast_head_json":{"title":"Fotoausstellung von Armin T. Wegener - Design Zentrum","robots":{"index":"index","follow":"follow","max-snippet":"max-snippet:-1","max-image-preview":"max-image-preview:large","max-video-preview":"max-video-preview:-1"},"canonical":"https:\/\/www.design-zentrum.de\/designblog\/?p=34","twitter_card":"summary_large_image","twitter_title":"Fotoausstellung von Armin T. Wegener - Design Zentrum","twitter_description":"Der Wuppertaler Armin T. Wegner (*1887, Elberfeld, 1978, im Exil in Rom) Schriftsteller, Essayist, Reisender und kritischer Beobachter seiner Zeit z\u00e4hlt zu den weithin vergessenen Autoren des 20. Jahrhunderts. Bekannt wurde Wegner durch seinen von sp\u00e4tromantischen Naturbildern gepr\u00e4gten Lyrikband &#8220;Zwischen &hellip; Weiterlesen &rarr;","twitter_misc":{"Verfasst von":"admin","Gesch\u00e4tzte Lesezeit":"3\u00a0Minuten"},"schema":{"@context":"https:\/\/schema.org","@graph":[{"@type":"WebPage","@id":"https:\/\/www.design-zentrum.de\/designblog\/?p=34","url":"https:\/\/www.design-zentrum.de\/designblog\/?p=34","name":"Fotoausstellung von Armin T. Wegener - Design Zentrum","isPartOf":{"@id":"https:\/\/www.design-zentrum.de\/designblog\/#website"},"datePublished":"2010-03-01T23:24:09+00:00","dateModified":"2010-03-01T23:24:09+00:00","author":{"@id":"https:\/\/www.design-zentrum.de\/designblog\/#\/schema\/person\/532a008a1f1e0ba0485bb531d92ed5de"},"breadcrumb":{"@id":"https:\/\/www.design-zentrum.de\/designblog\/?p=34#breadcrumb"},"inLanguage":"de","potentialAction":[{"@type":"ReadAction","target":["https:\/\/www.design-zentrum.de\/designblog\/?p=34"]}]},{"@type":"BreadcrumbList","@id":"https:\/\/www.design-zentrum.de\/designblog\/?p=34#breadcrumb","itemListElement":[{"@type":"ListItem","position":1,"name":"Startseite","item":"https:\/\/www.design-zentrum.de\/designblog"},{"@type":"ListItem","position":2,"name":"Fotoausstellung von Armin T. Wegener"}]},{"@type":"WebSite","@id":"https:\/\/www.design-zentrum.de\/designblog\/#website","url":"https:\/\/www.design-zentrum.de\/designblog\/","name":"Design Zentrum","description":"Informationsplattform f\u00fcr Designer und Unternehmen","potentialAction":[{"@type":"SearchAction","target":{"@type":"EntryPoint","urlTemplate":"https:\/\/www.design-zentrum.de\/designblog\/?s={search_term_string}"},"query-input":"required name=search_term_string"}],"inLanguage":"de"},{"@type":"Person","@id":"https:\/\/www.design-zentrum.de\/designblog\/#\/schema\/person\/532a008a1f1e0ba0485bb531d92ed5de","name":"admin","image":{"@type":"ImageObject","inLanguage":"de","@id":"https:\/\/www.design-zentrum.de\/designblog\/#\/schema\/person\/image\/","url":"https:\/\/secure.gravatar.com\/avatar\/626f0cb7cc7b97b5da5c2f4586d3a97c?s=96&d=mm&r=g","contentUrl":"https:\/\/secure.gravatar.com\/avatar\/626f0cb7cc7b97b5da5c2f4586d3a97c?s=96&d=mm&r=g","caption":"admin"},"url":"https:\/\/www.design-zentrum.de\/designblog\/?author=1"}]}},"_links":{"self":[{"href":"https:\/\/www.design-zentrum.de\/designblog\/index.php?rest_route=\/wp\/v2\/posts\/34"}],"collection":[{"href":"https:\/\/www.design-zentrum.de\/designblog\/index.php?rest_route=\/wp\/v2\/posts"}],"about":[{"href":"https:\/\/www.design-zentrum.de\/designblog\/index.php?rest_route=\/wp\/v2\/types\/post"}],"author":[{"embeddable":true,"href":"https:\/\/www.design-zentrum.de\/designblog\/index.php?rest_route=\/wp\/v2\/users\/1"}],"replies":[{"embeddable":true,"href":"https:\/\/www.design-zentrum.de\/designblog\/index.php?rest_route=%2Fwp%2Fv2%2Fcomments&post=34"}],"version-history":[{"count":0,"href":"https:\/\/www.design-zentrum.de\/designblog\/index.php?rest_route=\/wp\/v2\/posts\/34\/revisions"}],"wp:attachment":[{"href":"https:\/\/www.design-zentrum.de\/designblog\/index.php?rest_route=%2Fwp%2Fv2%2Fmedia&parent=34"}],"wp:term":[{"taxonomy":"category","embeddable":true,"href":"https:\/\/www.design-zentrum.de\/designblog\/index.php?rest_route=%2Fwp%2Fv2%2Fcategories&post=34"},{"taxonomy":"post_tag","embeddable":true,"href":"https:\/\/www.design-zentrum.de\/designblog\/index.php?rest_route=%2Fwp%2Fv2%2Ftags&post=34"}],"curies":[{"name":"wp","href":"https:\/\/api.w.org\/{rel}","templated":true}]}}