{"id":334,"date":"2019-09-13T21:36:56","date_gmt":"2019-09-13T21:36:56","guid":{"rendered":"http:\/\/www.design-zentrum.de\/designblog\/?p=334"},"modified":"2019-09-27T09:47:02","modified_gmt":"2019-09-27T09:47:02","slug":"ausstellung-zum-staatspreis-design-2019","status":"publish","type":"post","link":"https:\/\/www.design-zentrum.de\/designblog\/?p=334","title":{"rendered":"Staatspreis Design 2019"},"content":{"rendered":"<p>Alle zwei Jahre vergibt das Bundesministerium f\u00fcr Digitalisierung und Wirtschaftsstandort den Staatspreis Design. Durchgef\u00fchrt wird der Wettbewerb von designaustria.<\/p>\n<p>In diesem Jahr w\u00e4hlte eine ExpertInnenjury 27 innovative und zukunftsorientierte Projekte in den Kategorien Produktdesign | Konsumg\u00fcter, Produktdesign | Investitionsg\u00fcter, R\u00e4umliche Gestaltung und DesignConcepts aus insgesamt 279 Einreichungen aus. Neben den drei Staatspreisen werden drei innovative, noch nicht umgesetzte Designkonzepte mit dem Sonderpreis der Austria Wirtschaftsservice GmbH (aws) \u00bbDesignConcepts\u00ab gew\u00fcrdigt.<\/p>\n<p>Wer den Staatspreis Design, die Nominierungen und Auszeichnungen gewonnen hat, wird bei der Preisverleihung am 25. September (geschlossene Veranstaltung) verk\u00fcndet und anschlie\u00dfend in der Ausstellung \u00bbBest of Austrian Design\u00ab im designforum Wien gezeigt.<\/p>\n<p>26. September bis 10. November 2019, designforum Wien<\/p>\n<p>designforum Wien<br \/>\nMuseumsQuartier Wien \/ Museumsplatz 1<br \/>\nWien 1070<\/p>\n","protected":false},"excerpt":{"rendered":"<p>Alle zwei Jahre vergibt das Bundesministerium f\u00fcr Digitalisierung und Wirtschaftsstandort den Staatspreis Design. Durchgef\u00fchrt wird der Wettbewerb von designaustria. In diesem Jahr w\u00e4hlte eine ExpertInnenjury 27 innovative und zukunftsorientierte Projekte in den Kategorien Produktdesign | Konsumg\u00fcter, Produktdesign | Investitionsg\u00fcter, R\u00e4umliche &hellip; <a href=\"https:\/\/www.design-zentrum.de\/designblog\/?p=334\">Weiterlesen <span class=\"meta-nav\">&rarr;<\/span><\/a><\/p>\n","protected":false},"author":1,"featured_media":0,"comment_status":"closed","ping_status":"open","sticky":false,"template":"","format":"standard","meta":{"footnotes":""},"categories":[3,4],"tags":[],"yoast_head":"<!-- This site is optimized with the Yoast SEO plugin v21.6 - https:\/\/yoast.com\/wordpress\/plugins\/seo\/ -->\n<title>Staatspreis Design 2019 - Design Zentrum<\/title>\n<meta name=\"robots\" content=\"index, follow, max-snippet:-1, max-image-preview:large, max-video-preview:-1\" \/>\n<link rel=\"canonical\" href=\"https:\/\/www.design-zentrum.de\/designblog\/?p=334\" \/>\n<meta name=\"twitter:card\" content=\"summary_large_image\" \/>\n<meta name=\"twitter:title\" content=\"Staatspreis Design 2019 - Design Zentrum\" \/>\n<meta name=\"twitter:description\" content=\"Alle zwei Jahre vergibt das Bundesministerium f\u00fcr Digitalisierung und Wirtschaftsstandort den Staatspreis Design. Durchgef\u00fchrt wird der Wettbewerb von designaustria. In diesem Jahr w\u00e4hlte eine ExpertInnenjury 27 innovative und zukunftsorientierte Projekte in den Kategorien Produktdesign | Konsumg\u00fcter, Produktdesign | Investitionsg\u00fcter, R\u00e4umliche &hellip; Weiterlesen &rarr;\" \/>\n<meta name=\"twitter:label1\" content=\"Verfasst von\" \/>\n\t<meta name=\"twitter:data1\" content=\"admin\" \/>\n\t<meta name=\"twitter:label2\" content=\"Gesch\u00e4tzte Lesezeit\" \/>\n\t<meta name=\"twitter:data2\" content=\"1\u00a0Minute\" \/>\n<script type=\"application\/ld+json\" class=\"yoast-schema-graph\">{\"@context\":\"https:\/\/schema.org\",\"@graph\":[{\"@type\":\"WebPage\",\"@id\":\"https:\/\/www.design-zentrum.de\/designblog\/?p=334\",\"url\":\"https:\/\/www.design-zentrum.de\/designblog\/?p=334\",\"name\":\"Staatspreis Design 2019 - Design Zentrum\",\"isPartOf\":{\"@id\":\"https:\/\/www.design-zentrum.de\/designblog\/#website\"},\"datePublished\":\"2019-09-13T21:36:56+00:00\",\"dateModified\":\"2019-09-27T09:47:02+00:00\",\"author\":{\"@id\":\"https:\/\/www.design-zentrum.de\/designblog\/#\/schema\/person\/532a008a1f1e0ba0485bb531d92ed5de\"},\"breadcrumb\":{\"@id\":\"https:\/\/www.design-zentrum.de\/designblog\/?p=334#breadcrumb\"},\"inLanguage\":\"de\",\"potentialAction\":[{\"@type\":\"ReadAction\",\"target\":[\"https:\/\/www.design-zentrum.de\/designblog\/?p=334\"]}]},{\"@type\":\"BreadcrumbList\",\"@id\":\"https:\/\/www.design-zentrum.de\/designblog\/?p=334#breadcrumb\",\"itemListElement\":[{\"@type\":\"ListItem\",\"position\":1,\"name\":\"Startseite\",\"item\":\"https:\/\/www.design-zentrum.de\/designblog\"},{\"@type\":\"ListItem\",\"position\":2,\"name\":\"Staatspreis Design 2019\"}]},{\"@type\":\"WebSite\",\"@id\":\"https:\/\/www.design-zentrum.de\/designblog\/#website\",\"url\":\"https:\/\/www.design-zentrum.de\/designblog\/\",\"name\":\"Design Zentrum\",\"description\":\"Informationsplattform f\u00fcr Designer und Unternehmen\",\"potentialAction\":[{\"@type\":\"SearchAction\",\"target\":{\"@type\":\"EntryPoint\",\"urlTemplate\":\"https:\/\/www.design-zentrum.de\/designblog\/?s={search_term_string}\"},\"query-input\":\"required name=search_term_string\"}],\"inLanguage\":\"de\"},{\"@type\":\"Person\",\"@id\":\"https:\/\/www.design-zentrum.de\/designblog\/#\/schema\/person\/532a008a1f1e0ba0485bb531d92ed5de\",\"name\":\"admin\",\"image\":{\"@type\":\"ImageObject\",\"inLanguage\":\"de\",\"@id\":\"https:\/\/www.design-zentrum.de\/designblog\/#\/schema\/person\/image\/\",\"url\":\"https:\/\/secure.gravatar.com\/avatar\/626f0cb7cc7b97b5da5c2f4586d3a97c?s=96&d=mm&r=g\",\"contentUrl\":\"https:\/\/secure.gravatar.com\/avatar\/626f0cb7cc7b97b5da5c2f4586d3a97c?s=96&d=mm&r=g\",\"caption\":\"admin\"},\"url\":\"https:\/\/www.design-zentrum.de\/designblog\/?author=1\"}]}<\/script>\n<!-- \/ Yoast SEO plugin. -->","yoast_head_json":{"title":"Staatspreis Design 2019 - Design Zentrum","robots":{"index":"index","follow":"follow","max-snippet":"max-snippet:-1","max-image-preview":"max-image-preview:large","max-video-preview":"max-video-preview:-1"},"canonical":"https:\/\/www.design-zentrum.de\/designblog\/?p=334","twitter_card":"summary_large_image","twitter_title":"Staatspreis Design 2019 - Design Zentrum","twitter_description":"Alle zwei Jahre vergibt das Bundesministerium f\u00fcr Digitalisierung und Wirtschaftsstandort den Staatspreis Design. Durchgef\u00fchrt wird der Wettbewerb von designaustria. In diesem Jahr w\u00e4hlte eine ExpertInnenjury 27 innovative und zukunftsorientierte Projekte in den Kategorien Produktdesign | Konsumg\u00fcter, Produktdesign | Investitionsg\u00fcter, R\u00e4umliche &hellip; Weiterlesen &rarr;","twitter_misc":{"Verfasst von":"admin","Gesch\u00e4tzte Lesezeit":"1\u00a0Minute"},"schema":{"@context":"https:\/\/schema.org","@graph":[{"@type":"WebPage","@id":"https:\/\/www.design-zentrum.de\/designblog\/?p=334","url":"https:\/\/www.design-zentrum.de\/designblog\/?p=334","name":"Staatspreis Design 2019 - Design Zentrum","isPartOf":{"@id":"https:\/\/www.design-zentrum.de\/designblog\/#website"},"datePublished":"2019-09-13T21:36:56+00:00","dateModified":"2019-09-27T09:47:02+00:00","author":{"@id":"https:\/\/www.design-zentrum.de\/designblog\/#\/schema\/person\/532a008a1f1e0ba0485bb531d92ed5de"},"breadcrumb":{"@id":"https:\/\/www.design-zentrum.de\/designblog\/?p=334#breadcrumb"},"inLanguage":"de","potentialAction":[{"@type":"ReadAction","target":["https:\/\/www.design-zentrum.de\/designblog\/?p=334"]}]},{"@type":"BreadcrumbList","@id":"https:\/\/www.design-zentrum.de\/designblog\/?p=334#breadcrumb","itemListElement":[{"@type":"ListItem","position":1,"name":"Startseite","item":"https:\/\/www.design-zentrum.de\/designblog"},{"@type":"ListItem","position":2,"name":"Staatspreis Design 2019"}]},{"@type":"WebSite","@id":"https:\/\/www.design-zentrum.de\/designblog\/#website","url":"https:\/\/www.design-zentrum.de\/designblog\/","name":"Design Zentrum","description":"Informationsplattform f\u00fcr Designer und Unternehmen","potentialAction":[{"@type":"SearchAction","target":{"@type":"EntryPoint","urlTemplate":"https:\/\/www.design-zentrum.de\/designblog\/?s={search_term_string}"},"query-input":"required name=search_term_string"}],"inLanguage":"de"},{"@type":"Person","@id":"https:\/\/www.design-zentrum.de\/designblog\/#\/schema\/person\/532a008a1f1e0ba0485bb531d92ed5de","name":"admin","image":{"@type":"ImageObject","inLanguage":"de","@id":"https:\/\/www.design-zentrum.de\/designblog\/#\/schema\/person\/image\/","url":"https:\/\/secure.gravatar.com\/avatar\/626f0cb7cc7b97b5da5c2f4586d3a97c?s=96&d=mm&r=g","contentUrl":"https:\/\/secure.gravatar.com\/avatar\/626f0cb7cc7b97b5da5c2f4586d3a97c?s=96&d=mm&r=g","caption":"admin"},"url":"https:\/\/www.design-zentrum.de\/designblog\/?author=1"}]}},"_links":{"self":[{"href":"https:\/\/www.design-zentrum.de\/designblog\/index.php?rest_route=\/wp\/v2\/posts\/334"}],"collection":[{"href":"https:\/\/www.design-zentrum.de\/designblog\/index.php?rest_route=\/wp\/v2\/posts"}],"about":[{"href":"https:\/\/www.design-zentrum.de\/designblog\/index.php?rest_route=\/wp\/v2\/types\/post"}],"author":[{"embeddable":true,"href":"https:\/\/www.design-zentrum.de\/designblog\/index.php?rest_route=\/wp\/v2\/users\/1"}],"replies":[{"embeddable":true,"href":"https:\/\/www.design-zentrum.de\/designblog\/index.php?rest_route=%2Fwp%2Fv2%2Fcomments&post=334"}],"version-history":[{"count":2,"href":"https:\/\/www.design-zentrum.de\/designblog\/index.php?rest_route=\/wp\/v2\/posts\/334\/revisions"}],"predecessor-version":[{"id":340,"href":"https:\/\/www.design-zentrum.de\/designblog\/index.php?rest_route=\/wp\/v2\/posts\/334\/revisions\/340"}],"wp:attachment":[{"href":"https:\/\/www.design-zentrum.de\/designblog\/index.php?rest_route=%2Fwp%2Fv2%2Fmedia&parent=334"}],"wp:term":[{"taxonomy":"category","embeddable":true,"href":"https:\/\/www.design-zentrum.de\/designblog\/index.php?rest_route=%2Fwp%2Fv2%2Fcategories&post=334"},{"taxonomy":"post_tag","embeddable":true,"href":"https:\/\/www.design-zentrum.de\/designblog\/index.php?rest_route=%2Fwp%2Fv2%2Ftags&post=334"}],"curies":[{"name":"wp","href":"https:\/\/api.w.org\/{rel}","templated":true}]}}