{"id":239,"date":"2017-09-28T15:25:09","date_gmt":"2017-09-28T15:25:09","guid":{"rendered":"http:\/\/www.design-zentrum.de\/designblog\/?p=239"},"modified":"2017-09-28T15:25:09","modified_gmt":"2017-09-28T15:25:09","slug":"designpreis-wuppertal","status":"publish","type":"post","link":"https:\/\/www.design-zentrum.de\/designblog\/?p=239","title":{"rendered":"Designpreis Wuppertal"},"content":{"rendered":"<p>Wuppertaler Designpreis 2017<br \/>\nVerleihung mit hochkar\u00e4tigem Programm<\/p>\n<p>Reichlich Bewerbungen um den ersten Wuppertaler Designpreis LISA 17 lassen f\u00fcr die Verleihung am 29. September einiges erwarten. Dazu erwartet alle interessierten Unternehmer auch noch ein hochkar\u00e4tig besetztes Veranstaltungsprogramm mit Fachvortr\u00e4gen und Workshops in der VillaMedia.<\/p>\n<p>Die Freunde der Form ein Zusammenschluss Wuppertaler Designer \u02c6 hat als erstes Projekt den Designpreis LISA17 ausgeschrieben. Bewerben konnten sich Designer und Unternehmer aus dem Postleitzahlengebiet 42, die eine besonders erfolgreiche Zusammenarbeit im Bereich des Designs vorweisen k\u00f6nnen. Die f\u00fcnfk\u00f6pfige Jury tagte am 5. September und hat drei Preistr\u00e4ger sowie einen Sonderpreis gew\u00e4hlt.<\/p>\n<p>Am 29. September 2017 werden die Preistr\u00e4ger und viele Einreicher im neuen ELBA Zukunftswerk pr\u00e4sentiert.<\/p>\n<p>Eingeladen sind alle Design Interessierte. Die Preisverleihung ist aber nicht als reine Nabelschau gedacht, sondern soll auch als impulsgebende Veranstaltung f\u00fcr interessierte Unternehmen gelten. Mit einem ganzt\u00e4gigen Programm soll der Wirtschaftsfaktor Design und die Zusammenarbeit von Unternehmen und Gestaltern in den Mittelpunkt von hochkar\u00e4tigen Vortr\u00e4gen, Workshops und Diskussionen gestellt werden. Es geht dabei um die Nutzung von Chancen f\u00fcr Ver\u00e4nderung, neue Sichtweisen auf die Gestaltungsarbeit und Wege in die Zukunft f\u00fcr Unternehmen\u201e, erkl\u00e4rt Antje Lieser von der Wirtschaftsf\u00f6rderung Wuppertal, die die Freunde der Form\u201e mit initiiert hat. Ein Highlight ist sicherlich der Vortrag von Spiegel-Bestsellerautorin Anja F\u00f6rster, deren neuestes Werk Z\u00fcndstoff zum Andersdenken\u201e f\u00fcr die G\u00e4ste als pers\u00f6nliche Erinnerung und Anregung als Pr\u00e4sent bereit liegt. Andreas Steinle vom Zukunftsinstitut Workshop ber\u00e4t Unternehmen in Sachen Zukunftsfitness. Neben seinem Vortrag wird er gut mit gestalteten Arbeitsmitteln, spielerischen Tools und Methoden neben seinem Vortrag auch einen Workshop moderieren. Genauso wie Klaus Kofler von Trends &#038; Wege, der sich seit 15 Jahren mit der Innovations- und Zukunftsforschung auseinandersetzt. Weitere erlesene Vortr\u00e4ge gibt es von Michaela<br \/>\nPaefgen-La\u00df (Springer PROFESSIONAL) und Jan-Erik Baars (Lucerne School of Art &#038; Design). Nach den Workshops am Sp\u00e4tnachmittag findet dann ab 18.00 Uhr die Preisverleihung der LISA17 statt.<\/p>\n<p>Ab 19:00 Uhr findet der Tag mit Abendessen und Party seinen gem\u00fctlichen<br \/>\nAusklang.<\/p>\n<p>Die Fachveranstaltung findet statt am Freitag, 29. September 2017 von 9:30 Uhr bis 17.00 in der VillaMedia, Viehhofstra\u00dfe 125, 42117 Wuppertal<\/p>\n<p>Ab 18 Uhr bis Ende offen findet Preisverleihung und anschlie\u00dfende Party im ELBA Zukunftswerk, Friedrich-Ebert-Str. 119, 42117 Wuppertal statt f\u00fcr einen komfortablen Transfer ist gesorgt.<\/p>\n","protected":false},"excerpt":{"rendered":"<p>Wuppertaler Designpreis 2017 Verleihung mit hochkar\u00e4tigem Programm Reichlich Bewerbungen um den ersten Wuppertaler Designpreis LISA 17 lassen f\u00fcr die Verleihung am 29. September einiges erwarten. Dazu erwartet alle interessierten Unternehmer auch noch ein hochkar\u00e4tig besetztes Veranstaltungsprogramm mit Fachvortr\u00e4gen und Workshops &hellip; <a href=\"https:\/\/www.design-zentrum.de\/designblog\/?p=239\">Weiterlesen <span class=\"meta-nav\">&rarr;<\/span><\/a><\/p>\n","protected":false},"author":1,"featured_media":0,"comment_status":"closed","ping_status":"open","sticky":false,"template":"","format":"standard","meta":{"footnotes":""},"categories":[4],"tags":[45,139,136,137,138],"yoast_head":"<!-- This site is optimized with the Yoast SEO plugin v21.6 - https:\/\/yoast.com\/wordpress\/plugins\/seo\/ -->\n<title>Designpreis Wuppertal - Design Zentrum<\/title>\n<meta name=\"robots\" content=\"index, follow, max-snippet:-1, max-image-preview:large, max-video-preview:-1\" \/>\n<link rel=\"canonical\" href=\"https:\/\/www.design-zentrum.de\/designblog\/?p=239\" \/>\n<meta name=\"twitter:card\" content=\"summary_large_image\" \/>\n<meta name=\"twitter:title\" content=\"Designpreis Wuppertal - Design Zentrum\" \/>\n<meta name=\"twitter:description\" content=\"Wuppertaler Designpreis 2017 Verleihung mit hochkar\u00e4tigem Programm Reichlich Bewerbungen um den ersten Wuppertaler Designpreis LISA 17 lassen f\u00fcr die Verleihung am 29. September einiges erwarten. Dazu erwartet alle interessierten Unternehmer auch noch ein hochkar\u00e4tig besetztes Veranstaltungsprogramm mit Fachvortr\u00e4gen und Workshops &hellip; Weiterlesen &rarr;\" \/>\n<meta name=\"twitter:label1\" content=\"Verfasst von\" \/>\n\t<meta name=\"twitter:data1\" content=\"admin\" \/>\n\t<meta name=\"twitter:label2\" content=\"Gesch\u00e4tzte Lesezeit\" \/>\n\t<meta name=\"twitter:data2\" content=\"2\u00a0Minuten\" \/>\n<script type=\"application\/ld+json\" class=\"yoast-schema-graph\">{\"@context\":\"https:\/\/schema.org\",\"@graph\":[{\"@type\":\"WebPage\",\"@id\":\"https:\/\/www.design-zentrum.de\/designblog\/?p=239\",\"url\":\"https:\/\/www.design-zentrum.de\/designblog\/?p=239\",\"name\":\"Designpreis Wuppertal - Design Zentrum\",\"isPartOf\":{\"@id\":\"https:\/\/www.design-zentrum.de\/designblog\/#website\"},\"datePublished\":\"2017-09-28T15:25:09+00:00\",\"dateModified\":\"2017-09-28T15:25:09+00:00\",\"author\":{\"@id\":\"https:\/\/www.design-zentrum.de\/designblog\/#\/schema\/person\/532a008a1f1e0ba0485bb531d92ed5de\"},\"breadcrumb\":{\"@id\":\"https:\/\/www.design-zentrum.de\/designblog\/?p=239#breadcrumb\"},\"inLanguage\":\"de\",\"potentialAction\":[{\"@type\":\"ReadAction\",\"target\":[\"https:\/\/www.design-zentrum.de\/designblog\/?p=239\"]}]},{\"@type\":\"BreadcrumbList\",\"@id\":\"https:\/\/www.design-zentrum.de\/designblog\/?p=239#breadcrumb\",\"itemListElement\":[{\"@type\":\"ListItem\",\"position\":1,\"name\":\"Startseite\",\"item\":\"https:\/\/www.design-zentrum.de\/designblog\"},{\"@type\":\"ListItem\",\"position\":2,\"name\":\"Designpreis Wuppertal\"}]},{\"@type\":\"WebSite\",\"@id\":\"https:\/\/www.design-zentrum.de\/designblog\/#website\",\"url\":\"https:\/\/www.design-zentrum.de\/designblog\/\",\"name\":\"Design Zentrum\",\"description\":\"Informationsplattform f\u00fcr Designer und Unternehmen\",\"potentialAction\":[{\"@type\":\"SearchAction\",\"target\":{\"@type\":\"EntryPoint\",\"urlTemplate\":\"https:\/\/www.design-zentrum.de\/designblog\/?s={search_term_string}\"},\"query-input\":\"required name=search_term_string\"}],\"inLanguage\":\"de\"},{\"@type\":\"Person\",\"@id\":\"https:\/\/www.design-zentrum.de\/designblog\/#\/schema\/person\/532a008a1f1e0ba0485bb531d92ed5de\",\"name\":\"admin\",\"image\":{\"@type\":\"ImageObject\",\"inLanguage\":\"de\",\"@id\":\"https:\/\/www.design-zentrum.de\/designblog\/#\/schema\/person\/image\/\",\"url\":\"https:\/\/secure.gravatar.com\/avatar\/626f0cb7cc7b97b5da5c2f4586d3a97c?s=96&d=mm&r=g\",\"contentUrl\":\"https:\/\/secure.gravatar.com\/avatar\/626f0cb7cc7b97b5da5c2f4586d3a97c?s=96&d=mm&r=g\",\"caption\":\"admin\"},\"url\":\"https:\/\/www.design-zentrum.de\/designblog\/?author=1\"}]}<\/script>\n<!-- \/ Yoast SEO plugin. -->","yoast_head_json":{"title":"Designpreis Wuppertal - Design Zentrum","robots":{"index":"index","follow":"follow","max-snippet":"max-snippet:-1","max-image-preview":"max-image-preview:large","max-video-preview":"max-video-preview:-1"},"canonical":"https:\/\/www.design-zentrum.de\/designblog\/?p=239","twitter_card":"summary_large_image","twitter_title":"Designpreis Wuppertal - Design Zentrum","twitter_description":"Wuppertaler Designpreis 2017 Verleihung mit hochkar\u00e4tigem Programm Reichlich Bewerbungen um den ersten Wuppertaler Designpreis LISA 17 lassen f\u00fcr die Verleihung am 29. September einiges erwarten. Dazu erwartet alle interessierten Unternehmer auch noch ein hochkar\u00e4tig besetztes Veranstaltungsprogramm mit Fachvortr\u00e4gen und Workshops &hellip; Weiterlesen &rarr;","twitter_misc":{"Verfasst von":"admin","Gesch\u00e4tzte Lesezeit":"2\u00a0Minuten"},"schema":{"@context":"https:\/\/schema.org","@graph":[{"@type":"WebPage","@id":"https:\/\/www.design-zentrum.de\/designblog\/?p=239","url":"https:\/\/www.design-zentrum.de\/designblog\/?p=239","name":"Designpreis Wuppertal - Design Zentrum","isPartOf":{"@id":"https:\/\/www.design-zentrum.de\/designblog\/#website"},"datePublished":"2017-09-28T15:25:09+00:00","dateModified":"2017-09-28T15:25:09+00:00","author":{"@id":"https:\/\/www.design-zentrum.de\/designblog\/#\/schema\/person\/532a008a1f1e0ba0485bb531d92ed5de"},"breadcrumb":{"@id":"https:\/\/www.design-zentrum.de\/designblog\/?p=239#breadcrumb"},"inLanguage":"de","potentialAction":[{"@type":"ReadAction","target":["https:\/\/www.design-zentrum.de\/designblog\/?p=239"]}]},{"@type":"BreadcrumbList","@id":"https:\/\/www.design-zentrum.de\/designblog\/?p=239#breadcrumb","itemListElement":[{"@type":"ListItem","position":1,"name":"Startseite","item":"https:\/\/www.design-zentrum.de\/designblog"},{"@type":"ListItem","position":2,"name":"Designpreis Wuppertal"}]},{"@type":"WebSite","@id":"https:\/\/www.design-zentrum.de\/designblog\/#website","url":"https:\/\/www.design-zentrum.de\/designblog\/","name":"Design Zentrum","description":"Informationsplattform f\u00fcr Designer und Unternehmen","potentialAction":[{"@type":"SearchAction","target":{"@type":"EntryPoint","urlTemplate":"https:\/\/www.design-zentrum.de\/designblog\/?s={search_term_string}"},"query-input":"required name=search_term_string"}],"inLanguage":"de"},{"@type":"Person","@id":"https:\/\/www.design-zentrum.de\/designblog\/#\/schema\/person\/532a008a1f1e0ba0485bb531d92ed5de","name":"admin","image":{"@type":"ImageObject","inLanguage":"de","@id":"https:\/\/www.design-zentrum.de\/designblog\/#\/schema\/person\/image\/","url":"https:\/\/secure.gravatar.com\/avatar\/626f0cb7cc7b97b5da5c2f4586d3a97c?s=96&d=mm&r=g","contentUrl":"https:\/\/secure.gravatar.com\/avatar\/626f0cb7cc7b97b5da5c2f4586d3a97c?s=96&d=mm&r=g","caption":"admin"},"url":"https:\/\/www.design-zentrum.de\/designblog\/?author=1"}]}},"_links":{"self":[{"href":"https:\/\/www.design-zentrum.de\/designblog\/index.php?rest_route=\/wp\/v2\/posts\/239"}],"collection":[{"href":"https:\/\/www.design-zentrum.de\/designblog\/index.php?rest_route=\/wp\/v2\/posts"}],"about":[{"href":"https:\/\/www.design-zentrum.de\/designblog\/index.php?rest_route=\/wp\/v2\/types\/post"}],"author":[{"embeddable":true,"href":"https:\/\/www.design-zentrum.de\/designblog\/index.php?rest_route=\/wp\/v2\/users\/1"}],"replies":[{"embeddable":true,"href":"https:\/\/www.design-zentrum.de\/designblog\/index.php?rest_route=%2Fwp%2Fv2%2Fcomments&post=239"}],"version-history":[{"count":2,"href":"https:\/\/www.design-zentrum.de\/designblog\/index.php?rest_route=\/wp\/v2\/posts\/239\/revisions"}],"predecessor-version":[{"id":241,"href":"https:\/\/www.design-zentrum.de\/designblog\/index.php?rest_route=\/wp\/v2\/posts\/239\/revisions\/241"}],"wp:attachment":[{"href":"https:\/\/www.design-zentrum.de\/designblog\/index.php?rest_route=%2Fwp%2Fv2%2Fmedia&parent=239"}],"wp:term":[{"taxonomy":"category","embeddable":true,"href":"https:\/\/www.design-zentrum.de\/designblog\/index.php?rest_route=%2Fwp%2Fv2%2Fcategories&post=239"},{"taxonomy":"post_tag","embeddable":true,"href":"https:\/\/www.design-zentrum.de\/designblog\/index.php?rest_route=%2Fwp%2Fv2%2Ftags&post=239"}],"curies":[{"name":"wp","href":"https:\/\/api.w.org\/{rel}","templated":true}]}}