{"id":231,"date":"2017-04-04T00:14:48","date_gmt":"2017-04-04T00:14:48","guid":{"rendered":"http:\/\/www.design-zentrum.de\/designblog\/?p=231"},"modified":"2017-04-04T00:16:29","modified_gmt":"2017-04-04T00:16:29","slug":"designpreis-brandenburg-2017","status":"publish","type":"post","link":"https:\/\/www.design-zentrum.de\/designblog\/?p=231","title":{"rendered":"Designpreis Brandenburg 2017"},"content":{"rendered":"<p>Zum zehnten Mal lobt das Wirtschaftsministerium den Designpreis Brandenburg aus. Ziel ist es, die Leistungsf\u00e4higkeit der Brandenburger Design- und Kreativwirtschaft sichtbar zu machen. Au\u00dferdem wird Designerinnen und Designern, Unternehmen und Agenturen die M\u00f6glichkeit geboten, ihre Arbeiten \u00f6ffentlich zu pr\u00e4sentieren. Gesucht werden Produkte, Ideen und Konzepte mit herausragendem innovativen Potenzial, gestalterischen Qualit\u00e4ten und unternehmerischer Nachhaltigkeit.<\/p>\n<p>\u201eDesign macht ein Produkt individuell. Kluge Unternehmerinnen und Unternehmer nutzen die Chance, \u00fcber ansprechendes Design ihre Marktposition zu st\u00e4rken\u201c, sagt Wirtschaftsminister <b>Albrecht Gerber<\/b>. \u201eAls Wirtschaftsministerium wollen wir dazu beitragen, das Bewusstsein f\u00fcr Design als Klammer zwischen Kreativwirtschaft und Industrie zu sch\u00e4rfen. Der Designpreis, den wir alle zwei Jahre verleihen, ist hierbei ein wichtiger Baustein\u201c, so der Minister weiter.<\/p>\n<p>Bis zum 31. Mai k\u00f6nnen Brandenburger Unternehmen, Agenturen, Designb\u00fcros, Designerinnen und Designer ihre Bewerbungen einreichen. Aufgerufen sind auch Brandenburger Unternehmen, die Designleistungen beauftragen oder Design in ihren unternehmerischen Prozessen anwenden. Vergeben wird der mit 20.000 Euro dotierte Preis in den Kategorien Produktdesign, Kommunikationsdesign und Lichtdesign. In der Kategorie Nachwuchsdesign k\u00f6nnen sich Studierende sowie Absolventinnen und Absolventen der Brandenburger Hochschulen beteiligen. Eine Fachjury bewertet die Bewerbungen auf Innovationsgehalt und Gestaltungsqualit\u00e4t und ber\u00fccksichtigt zudem \u00f6konomische und \u00f6kologische Aspekte.<\/p>\n<p>Verliehen wird der Designpreis Brandenburg am 9. Oktober. Die ausgezeichneten und nominierten Arbeiten werden im Rahmen der Designtage (13.-15. Oktober) in einer Ausstellung pr\u00e4sentiert. Details zu den Teilnahmebedingungen sowie das Online-Bewerbungsformular unter: www.designpreis-brandenburg.de<\/p>\n<p><b>Ministerium f\u00fcr Wirtschaft und Energie<br \/>\n<\/b>Heinrich-Mann-Allee 107<br \/>\n14473 Potsdam<br \/>\nAnsprechpartnerin: Andrea Beyerlein<\/p>\n","protected":false},"excerpt":{"rendered":"<p>Zum zehnten Mal lobt das Wirtschaftsministerium den Designpreis Brandenburg aus. Ziel ist es, die Leistungsf\u00e4higkeit der Brandenburger Design- und Kreativwirtschaft sichtbar zu machen. Au\u00dferdem wird Designerinnen und Designern, Unternehmen und Agenturen die M\u00f6glichkeit geboten, ihre Arbeiten \u00f6ffentlich zu pr\u00e4sentieren. Gesucht &hellip; <a href=\"https:\/\/www.design-zentrum.de\/designblog\/?p=231\">Weiterlesen <span class=\"meta-nav\">&rarr;<\/span><\/a><\/p>\n","protected":false},"author":1,"featured_media":0,"comment_status":"closed","ping_status":"open","sticky":false,"template":"","format":"standard","meta":{"footnotes":""},"categories":[4,93],"tags":[134,135,45,133],"yoast_head":"<!-- This site is optimized with the Yoast SEO plugin v21.6 - https:\/\/yoast.com\/wordpress\/plugins\/seo\/ -->\n<title>Designpreis Brandenburg 2017 - Design Zentrum<\/title>\n<meta name=\"robots\" content=\"index, follow, max-snippet:-1, max-image-preview:large, max-video-preview:-1\" \/>\n<link rel=\"canonical\" href=\"https:\/\/www.design-zentrum.de\/designblog\/?p=231\" \/>\n<meta name=\"twitter:card\" content=\"summary_large_image\" \/>\n<meta name=\"twitter:title\" content=\"Designpreis Brandenburg 2017 - Design Zentrum\" \/>\n<meta name=\"twitter:description\" content=\"Zum zehnten Mal lobt das Wirtschaftsministerium den Designpreis Brandenburg aus. Ziel ist es, die Leistungsf\u00e4higkeit der Brandenburger Design- und Kreativwirtschaft sichtbar zu machen. Au\u00dferdem wird Designerinnen und Designern, Unternehmen und Agenturen die M\u00f6glichkeit geboten, ihre Arbeiten \u00f6ffentlich zu pr\u00e4sentieren. Gesucht &hellip; Weiterlesen &rarr;\" \/>\n<meta name=\"twitter:label1\" content=\"Verfasst von\" \/>\n\t<meta name=\"twitter:data1\" content=\"admin\" \/>\n\t<meta name=\"twitter:label2\" content=\"Gesch\u00e4tzte Lesezeit\" \/>\n\t<meta name=\"twitter:data2\" content=\"1\u00a0Minute\" \/>\n<script type=\"application\/ld+json\" class=\"yoast-schema-graph\">{\"@context\":\"https:\/\/schema.org\",\"@graph\":[{\"@type\":\"WebPage\",\"@id\":\"https:\/\/www.design-zentrum.de\/designblog\/?p=231\",\"url\":\"https:\/\/www.design-zentrum.de\/designblog\/?p=231\",\"name\":\"Designpreis Brandenburg 2017 - Design Zentrum\",\"isPartOf\":{\"@id\":\"https:\/\/www.design-zentrum.de\/designblog\/#website\"},\"datePublished\":\"2017-04-04T00:14:48+00:00\",\"dateModified\":\"2017-04-04T00:16:29+00:00\",\"author\":{\"@id\":\"https:\/\/www.design-zentrum.de\/designblog\/#\/schema\/person\/532a008a1f1e0ba0485bb531d92ed5de\"},\"breadcrumb\":{\"@id\":\"https:\/\/www.design-zentrum.de\/designblog\/?p=231#breadcrumb\"},\"inLanguage\":\"de\",\"potentialAction\":[{\"@type\":\"ReadAction\",\"target\":[\"https:\/\/www.design-zentrum.de\/designblog\/?p=231\"]}]},{\"@type\":\"BreadcrumbList\",\"@id\":\"https:\/\/www.design-zentrum.de\/designblog\/?p=231#breadcrumb\",\"itemListElement\":[{\"@type\":\"ListItem\",\"position\":1,\"name\":\"Startseite\",\"item\":\"https:\/\/www.design-zentrum.de\/designblog\"},{\"@type\":\"ListItem\",\"position\":2,\"name\":\"Designpreis Brandenburg 2017\"}]},{\"@type\":\"WebSite\",\"@id\":\"https:\/\/www.design-zentrum.de\/designblog\/#website\",\"url\":\"https:\/\/www.design-zentrum.de\/designblog\/\",\"name\":\"Design Zentrum\",\"description\":\"Informationsplattform f\u00fcr Designer und Unternehmen\",\"potentialAction\":[{\"@type\":\"SearchAction\",\"target\":{\"@type\":\"EntryPoint\",\"urlTemplate\":\"https:\/\/www.design-zentrum.de\/designblog\/?s={search_term_string}\"},\"query-input\":\"required name=search_term_string\"}],\"inLanguage\":\"de\"},{\"@type\":\"Person\",\"@id\":\"https:\/\/www.design-zentrum.de\/designblog\/#\/schema\/person\/532a008a1f1e0ba0485bb531d92ed5de\",\"name\":\"admin\",\"image\":{\"@type\":\"ImageObject\",\"inLanguage\":\"de\",\"@id\":\"https:\/\/www.design-zentrum.de\/designblog\/#\/schema\/person\/image\/\",\"url\":\"https:\/\/secure.gravatar.com\/avatar\/626f0cb7cc7b97b5da5c2f4586d3a97c?s=96&d=mm&r=g\",\"contentUrl\":\"https:\/\/secure.gravatar.com\/avatar\/626f0cb7cc7b97b5da5c2f4586d3a97c?s=96&d=mm&r=g\",\"caption\":\"admin\"},\"url\":\"https:\/\/www.design-zentrum.de\/designblog\/?author=1\"}]}<\/script>\n<!-- \/ Yoast SEO plugin. -->","yoast_head_json":{"title":"Designpreis Brandenburg 2017 - Design Zentrum","robots":{"index":"index","follow":"follow","max-snippet":"max-snippet:-1","max-image-preview":"max-image-preview:large","max-video-preview":"max-video-preview:-1"},"canonical":"https:\/\/www.design-zentrum.de\/designblog\/?p=231","twitter_card":"summary_large_image","twitter_title":"Designpreis Brandenburg 2017 - Design Zentrum","twitter_description":"Zum zehnten Mal lobt das Wirtschaftsministerium den Designpreis Brandenburg aus. Ziel ist es, die Leistungsf\u00e4higkeit der Brandenburger Design- und Kreativwirtschaft sichtbar zu machen. Au\u00dferdem wird Designerinnen und Designern, Unternehmen und Agenturen die M\u00f6glichkeit geboten, ihre Arbeiten \u00f6ffentlich zu pr\u00e4sentieren. Gesucht &hellip; Weiterlesen &rarr;","twitter_misc":{"Verfasst von":"admin","Gesch\u00e4tzte Lesezeit":"1\u00a0Minute"},"schema":{"@context":"https:\/\/schema.org","@graph":[{"@type":"WebPage","@id":"https:\/\/www.design-zentrum.de\/designblog\/?p=231","url":"https:\/\/www.design-zentrum.de\/designblog\/?p=231","name":"Designpreis Brandenburg 2017 - Design Zentrum","isPartOf":{"@id":"https:\/\/www.design-zentrum.de\/designblog\/#website"},"datePublished":"2017-04-04T00:14:48+00:00","dateModified":"2017-04-04T00:16:29+00:00","author":{"@id":"https:\/\/www.design-zentrum.de\/designblog\/#\/schema\/person\/532a008a1f1e0ba0485bb531d92ed5de"},"breadcrumb":{"@id":"https:\/\/www.design-zentrum.de\/designblog\/?p=231#breadcrumb"},"inLanguage":"de","potentialAction":[{"@type":"ReadAction","target":["https:\/\/www.design-zentrum.de\/designblog\/?p=231"]}]},{"@type":"BreadcrumbList","@id":"https:\/\/www.design-zentrum.de\/designblog\/?p=231#breadcrumb","itemListElement":[{"@type":"ListItem","position":1,"name":"Startseite","item":"https:\/\/www.design-zentrum.de\/designblog"},{"@type":"ListItem","position":2,"name":"Designpreis Brandenburg 2017"}]},{"@type":"WebSite","@id":"https:\/\/www.design-zentrum.de\/designblog\/#website","url":"https:\/\/www.design-zentrum.de\/designblog\/","name":"Design Zentrum","description":"Informationsplattform f\u00fcr Designer und Unternehmen","potentialAction":[{"@type":"SearchAction","target":{"@type":"EntryPoint","urlTemplate":"https:\/\/www.design-zentrum.de\/designblog\/?s={search_term_string}"},"query-input":"required name=search_term_string"}],"inLanguage":"de"},{"@type":"Person","@id":"https:\/\/www.design-zentrum.de\/designblog\/#\/schema\/person\/532a008a1f1e0ba0485bb531d92ed5de","name":"admin","image":{"@type":"ImageObject","inLanguage":"de","@id":"https:\/\/www.design-zentrum.de\/designblog\/#\/schema\/person\/image\/","url":"https:\/\/secure.gravatar.com\/avatar\/626f0cb7cc7b97b5da5c2f4586d3a97c?s=96&d=mm&r=g","contentUrl":"https:\/\/secure.gravatar.com\/avatar\/626f0cb7cc7b97b5da5c2f4586d3a97c?s=96&d=mm&r=g","caption":"admin"},"url":"https:\/\/www.design-zentrum.de\/designblog\/?author=1"}]}},"_links":{"self":[{"href":"https:\/\/www.design-zentrum.de\/designblog\/index.php?rest_route=\/wp\/v2\/posts\/231"}],"collection":[{"href":"https:\/\/www.design-zentrum.de\/designblog\/index.php?rest_route=\/wp\/v2\/posts"}],"about":[{"href":"https:\/\/www.design-zentrum.de\/designblog\/index.php?rest_route=\/wp\/v2\/types\/post"}],"author":[{"embeddable":true,"href":"https:\/\/www.design-zentrum.de\/designblog\/index.php?rest_route=\/wp\/v2\/users\/1"}],"replies":[{"embeddable":true,"href":"https:\/\/www.design-zentrum.de\/designblog\/index.php?rest_route=%2Fwp%2Fv2%2Fcomments&post=231"}],"version-history":[{"count":3,"href":"https:\/\/www.design-zentrum.de\/designblog\/index.php?rest_route=\/wp\/v2\/posts\/231\/revisions"}],"predecessor-version":[{"id":234,"href":"https:\/\/www.design-zentrum.de\/designblog\/index.php?rest_route=\/wp\/v2\/posts\/231\/revisions\/234"}],"wp:attachment":[{"href":"https:\/\/www.design-zentrum.de\/designblog\/index.php?rest_route=%2Fwp%2Fv2%2Fmedia&parent=231"}],"wp:term":[{"taxonomy":"category","embeddable":true,"href":"https:\/\/www.design-zentrum.de\/designblog\/index.php?rest_route=%2Fwp%2Fv2%2Fcategories&post=231"},{"taxonomy":"post_tag","embeddable":true,"href":"https:\/\/www.design-zentrum.de\/designblog\/index.php?rest_route=%2Fwp%2Fv2%2Ftags&post=231"}],"curies":[{"name":"wp","href":"https:\/\/api.w.org\/{rel}","templated":true}]}}