{"id":213,"date":"2016-09-20T12:39:16","date_gmt":"2016-09-20T12:39:16","guid":{"rendered":"http:\/\/www.design-zentrum.de\/designblog\/?p=213"},"modified":"2016-09-20T12:39:16","modified_gmt":"2016-09-20T12:39:16","slug":"design-days-designpreis-schweiz","status":"publish","type":"post","link":"https:\/\/www.design-zentrum.de\/designblog\/?p=213","title":{"rendered":"Design Days &#8211; Designpreis Schweiz"},"content":{"rendered":"<p><a href=\"http:\/\/www.design-zentrum.de\/designblog\/wp-content\/uploads\/2016\/09\/design-fair.jpg\"><img loading=\"lazy\" decoding=\"async\" class=\"aligncenter size-full wp-image-214\" src=\"http:\/\/www.design-zentrum.de\/designblog\/wp-content\/uploads\/2016\/09\/design-fair.jpg\" alt=\"design-fair\" width=\"527\" height=\"465\" srcset=\"https:\/\/www.design-zentrum.de\/designblog\/wp-content\/uploads\/2016\/09\/design-fair.jpg 527w, https:\/\/www.design-zentrum.de\/designblog\/wp-content\/uploads\/2016\/09\/design-fair-300x265.jpg 300w, https:\/\/www.design-zentrum.de\/designblog\/wp-content\/uploads\/2016\/09\/design-fair-340x300.jpg 340w\" sizes=\"(max-width: 527px) 100vw, 527px\" \/><\/a>Am prominent besetzten, halbt\u00e4gigen Forum SDA 50 diskutieren wir \u00fcber die Perspektiven des Designs und blicken in die Zukunft. Welche Chancen und Herausforderungen bieten Digitalisierung und Deindustrialisierung f\u00fcr das Schweizer Design? Welche neuen Berufsfelder entstehen? Welche Rolle spielt das Design als Innovations- und Wertsch\u00f6pfungstreiber? Und welche Kompetenzen braucht es, um in einem sich rasant ver\u00e4ndernden Umfeld bestehen zu k\u00f6nnen?<\/p>\n<p>Freitag, 14. Oktober 2016<br \/>\nForum: 13:00 \u2013 18:00 Uhr<br \/>\nKornhausforum, Kornhausplatz 18, 3011 Bern<\/p>\n<p><span class=\"Apple-style-span\">Design Preis Schweiz<br \/>\n<\/span><span class=\"Apple-style-span\">M\u00fchleweg 23<br \/>\nCH-4900 Langenthal<\/span><\/p>\n","protected":false},"excerpt":{"rendered":"<p>Am prominent besetzten, halbt\u00e4gigen Forum SDA 50 diskutieren wir \u00fcber die Perspektiven des Designs und blicken in die Zukunft. Welche Chancen und Herausforderungen bieten Digitalisierung und Deindustrialisierung f\u00fcr das Schweizer Design? Welche neuen Berufsfelder entstehen? Welche Rolle spielt das Design &hellip; <a href=\"https:\/\/www.design-zentrum.de\/designblog\/?p=213\">Weiterlesen <span class=\"meta-nav\">&rarr;<\/span><\/a><\/p>\n","protected":false},"author":1,"featured_media":0,"comment_status":"closed","ping_status":"open","sticky":false,"template":"","format":"standard","meta":{"footnotes":""},"categories":[1],"tags":[124,123,125],"yoast_head":"<!-- This site is optimized with the Yoast SEO plugin v21.6 - https:\/\/yoast.com\/wordpress\/plugins\/seo\/ -->\n<title>Design Days - Designpreis Schweiz - Design Zentrum<\/title>\n<meta name=\"robots\" content=\"index, follow, max-snippet:-1, max-image-preview:large, max-video-preview:-1\" \/>\n<link rel=\"canonical\" href=\"https:\/\/www.design-zentrum.de\/designblog\/?p=213\" \/>\n<meta name=\"twitter:card\" content=\"summary_large_image\" \/>\n<meta name=\"twitter:title\" content=\"Design Days - Designpreis Schweiz - Design Zentrum\" \/>\n<meta name=\"twitter:description\" content=\"Am prominent besetzten, halbt\u00e4gigen Forum SDA 50 diskutieren wir \u00fcber die Perspektiven des Designs und blicken in die Zukunft. Welche Chancen und Herausforderungen bieten Digitalisierung und Deindustrialisierung f\u00fcr das Schweizer Design? Welche neuen Berufsfelder entstehen? Welche Rolle spielt das Design &hellip; Weiterlesen &rarr;\" \/>\n<meta name=\"twitter:image\" content=\"http:\/\/www.design-zentrum.de\/designblog\/wp-content\/uploads\/2016\/09\/design-fair.jpg\" \/>\n<meta name=\"twitter:label1\" content=\"Verfasst von\" \/>\n\t<meta name=\"twitter:data1\" content=\"admin\" \/>\n<script type=\"application\/ld+json\" class=\"yoast-schema-graph\">{\"@context\":\"https:\/\/schema.org\",\"@graph\":[{\"@type\":\"WebPage\",\"@id\":\"https:\/\/www.design-zentrum.de\/designblog\/?p=213\",\"url\":\"https:\/\/www.design-zentrum.de\/designblog\/?p=213\",\"name\":\"Design Days - Designpreis Schweiz - Design Zentrum\",\"isPartOf\":{\"@id\":\"https:\/\/www.design-zentrum.de\/designblog\/#website\"},\"datePublished\":\"2016-09-20T12:39:16+00:00\",\"dateModified\":\"2016-09-20T12:39:16+00:00\",\"author\":{\"@id\":\"https:\/\/www.design-zentrum.de\/designblog\/#\/schema\/person\/532a008a1f1e0ba0485bb531d92ed5de\"},\"breadcrumb\":{\"@id\":\"https:\/\/www.design-zentrum.de\/designblog\/?p=213#breadcrumb\"},\"inLanguage\":\"de\",\"potentialAction\":[{\"@type\":\"ReadAction\",\"target\":[\"https:\/\/www.design-zentrum.de\/designblog\/?p=213\"]}]},{\"@type\":\"BreadcrumbList\",\"@id\":\"https:\/\/www.design-zentrum.de\/designblog\/?p=213#breadcrumb\",\"itemListElement\":[{\"@type\":\"ListItem\",\"position\":1,\"name\":\"Startseite\",\"item\":\"https:\/\/www.design-zentrum.de\/designblog\"},{\"@type\":\"ListItem\",\"position\":2,\"name\":\"Design Days &#8211; Designpreis Schweiz\"}]},{\"@type\":\"WebSite\",\"@id\":\"https:\/\/www.design-zentrum.de\/designblog\/#website\",\"url\":\"https:\/\/www.design-zentrum.de\/designblog\/\",\"name\":\"Design Zentrum\",\"description\":\"Informationsplattform f\u00fcr Designer und Unternehmen\",\"potentialAction\":[{\"@type\":\"SearchAction\",\"target\":{\"@type\":\"EntryPoint\",\"urlTemplate\":\"https:\/\/www.design-zentrum.de\/designblog\/?s={search_term_string}\"},\"query-input\":\"required name=search_term_string\"}],\"inLanguage\":\"de\"},{\"@type\":\"Person\",\"@id\":\"https:\/\/www.design-zentrum.de\/designblog\/#\/schema\/person\/532a008a1f1e0ba0485bb531d92ed5de\",\"name\":\"admin\",\"image\":{\"@type\":\"ImageObject\",\"inLanguage\":\"de\",\"@id\":\"https:\/\/www.design-zentrum.de\/designblog\/#\/schema\/person\/image\/\",\"url\":\"https:\/\/secure.gravatar.com\/avatar\/626f0cb7cc7b97b5da5c2f4586d3a97c?s=96&d=mm&r=g\",\"contentUrl\":\"https:\/\/secure.gravatar.com\/avatar\/626f0cb7cc7b97b5da5c2f4586d3a97c?s=96&d=mm&r=g\",\"caption\":\"admin\"},\"url\":\"https:\/\/www.design-zentrum.de\/designblog\/?author=1\"}]}<\/script>\n<!-- \/ Yoast SEO plugin. -->","yoast_head_json":{"title":"Design Days - Designpreis Schweiz - Design Zentrum","robots":{"index":"index","follow":"follow","max-snippet":"max-snippet:-1","max-image-preview":"max-image-preview:large","max-video-preview":"max-video-preview:-1"},"canonical":"https:\/\/www.design-zentrum.de\/designblog\/?p=213","twitter_card":"summary_large_image","twitter_title":"Design Days - Designpreis Schweiz - Design Zentrum","twitter_description":"Am prominent besetzten, halbt\u00e4gigen Forum SDA 50 diskutieren wir \u00fcber die Perspektiven des Designs und blicken in die Zukunft. Welche Chancen und Herausforderungen bieten Digitalisierung und Deindustrialisierung f\u00fcr das Schweizer Design? Welche neuen Berufsfelder entstehen? Welche Rolle spielt das Design &hellip; Weiterlesen &rarr;","twitter_image":"http:\/\/www.design-zentrum.de\/designblog\/wp-content\/uploads\/2016\/09\/design-fair.jpg","twitter_misc":{"Verfasst von":"admin"},"schema":{"@context":"https:\/\/schema.org","@graph":[{"@type":"WebPage","@id":"https:\/\/www.design-zentrum.de\/designblog\/?p=213","url":"https:\/\/www.design-zentrum.de\/designblog\/?p=213","name":"Design Days - Designpreis Schweiz - Design Zentrum","isPartOf":{"@id":"https:\/\/www.design-zentrum.de\/designblog\/#website"},"datePublished":"2016-09-20T12:39:16+00:00","dateModified":"2016-09-20T12:39:16+00:00","author":{"@id":"https:\/\/www.design-zentrum.de\/designblog\/#\/schema\/person\/532a008a1f1e0ba0485bb531d92ed5de"},"breadcrumb":{"@id":"https:\/\/www.design-zentrum.de\/designblog\/?p=213#breadcrumb"},"inLanguage":"de","potentialAction":[{"@type":"ReadAction","target":["https:\/\/www.design-zentrum.de\/designblog\/?p=213"]}]},{"@type":"BreadcrumbList","@id":"https:\/\/www.design-zentrum.de\/designblog\/?p=213#breadcrumb","itemListElement":[{"@type":"ListItem","position":1,"name":"Startseite","item":"https:\/\/www.design-zentrum.de\/designblog"},{"@type":"ListItem","position":2,"name":"Design Days &#8211; Designpreis Schweiz"}]},{"@type":"WebSite","@id":"https:\/\/www.design-zentrum.de\/designblog\/#website","url":"https:\/\/www.design-zentrum.de\/designblog\/","name":"Design Zentrum","description":"Informationsplattform f\u00fcr Designer und Unternehmen","potentialAction":[{"@type":"SearchAction","target":{"@type":"EntryPoint","urlTemplate":"https:\/\/www.design-zentrum.de\/designblog\/?s={search_term_string}"},"query-input":"required name=search_term_string"}],"inLanguage":"de"},{"@type":"Person","@id":"https:\/\/www.design-zentrum.de\/designblog\/#\/schema\/person\/532a008a1f1e0ba0485bb531d92ed5de","name":"admin","image":{"@type":"ImageObject","inLanguage":"de","@id":"https:\/\/www.design-zentrum.de\/designblog\/#\/schema\/person\/image\/","url":"https:\/\/secure.gravatar.com\/avatar\/626f0cb7cc7b97b5da5c2f4586d3a97c?s=96&d=mm&r=g","contentUrl":"https:\/\/secure.gravatar.com\/avatar\/626f0cb7cc7b97b5da5c2f4586d3a97c?s=96&d=mm&r=g","caption":"admin"},"url":"https:\/\/www.design-zentrum.de\/designblog\/?author=1"}]}},"_links":{"self":[{"href":"https:\/\/www.design-zentrum.de\/designblog\/index.php?rest_route=\/wp\/v2\/posts\/213"}],"collection":[{"href":"https:\/\/www.design-zentrum.de\/designblog\/index.php?rest_route=\/wp\/v2\/posts"}],"about":[{"href":"https:\/\/www.design-zentrum.de\/designblog\/index.php?rest_route=\/wp\/v2\/types\/post"}],"author":[{"embeddable":true,"href":"https:\/\/www.design-zentrum.de\/designblog\/index.php?rest_route=\/wp\/v2\/users\/1"}],"replies":[{"embeddable":true,"href":"https:\/\/www.design-zentrum.de\/designblog\/index.php?rest_route=%2Fwp%2Fv2%2Fcomments&post=213"}],"version-history":[{"count":1,"href":"https:\/\/www.design-zentrum.de\/designblog\/index.php?rest_route=\/wp\/v2\/posts\/213\/revisions"}],"predecessor-version":[{"id":215,"href":"https:\/\/www.design-zentrum.de\/designblog\/index.php?rest_route=\/wp\/v2\/posts\/213\/revisions\/215"}],"wp:attachment":[{"href":"https:\/\/www.design-zentrum.de\/designblog\/index.php?rest_route=%2Fwp%2Fv2%2Fmedia&parent=213"}],"wp:term":[{"taxonomy":"category","embeddable":true,"href":"https:\/\/www.design-zentrum.de\/designblog\/index.php?rest_route=%2Fwp%2Fv2%2Fcategories&post=213"},{"taxonomy":"post_tag","embeddable":true,"href":"https:\/\/www.design-zentrum.de\/designblog\/index.php?rest_route=%2Fwp%2Fv2%2Ftags&post=213"}],"curies":[{"name":"wp","href":"https:\/\/api.w.org\/{rel}","templated":true}]}}