{"id":19,"date":"2009-05-19T02:02:35","date_gmt":"2009-05-19T00:02:35","guid":{"rendered":"http:\/\/design-zentrum.de\/designblog\/?p=17"},"modified":"2009-05-19T02:02:35","modified_gmt":"2009-05-19T00:02:35","slug":"designertreff-in-dusseldorf","status":"publish","type":"post","link":"https:\/\/www.design-zentrum.de\/designblog\/?p=19","title":{"rendered":"Designertreff in D\u00fcsseldorf"},"content":{"rendered":"<p>Der Designertreff in D\u00fcsseldorf tagt wieder am Rhein. Das n\u00e4chste Designertreffen in D\u00fcsseldorf findet am 19. Mai im Curtiz KiT statt. Der durchgestylte Raum ist unmittelbar am Rhein neben dem Apollo Theater. Alle Designinteressierten sind eingeladen. Einfach neue Ideen bekommen oder andere Designer kennenlernen.<\/p>\n<p>Der Designertreff von Bianca Seidel startet um 19.30 Uhr.<\/p>\n","protected":false},"excerpt":{"rendered":"<p>Der Designertreff in D\u00fcsseldorf tagt wieder am Rhein. Das n\u00e4chste Designertreffen in D\u00fcsseldorf findet am 19. Mai im Curtiz KiT statt. Der durchgestylte Raum ist unmittelbar am Rhein neben dem Apollo Theater. Alle Designinteressierten sind eingeladen. Einfach neue Ideen bekommen &hellip; <a href=\"https:\/\/www.design-zentrum.de\/designblog\/?p=19\">Weiterlesen <span class=\"meta-nav\">&rarr;<\/span><\/a><\/p>\n","protected":false},"author":1,"featured_media":0,"comment_status":"open","ping_status":"open","sticky":false,"template":"","format":"standard","meta":{"footnotes":""},"categories":[1],"tags":[],"yoast_head":"<!-- This site is optimized with the Yoast SEO plugin v21.6 - https:\/\/yoast.com\/wordpress\/plugins\/seo\/ -->\n<title>Designertreff in D\u00fcsseldorf - Design Zentrum<\/title>\n<meta name=\"robots\" content=\"index, follow, max-snippet:-1, max-image-preview:large, max-video-preview:-1\" \/>\n<link rel=\"canonical\" href=\"https:\/\/www.design-zentrum.de\/designblog\/?p=19\" \/>\n<meta name=\"twitter:card\" content=\"summary_large_image\" \/>\n<meta name=\"twitter:title\" content=\"Designertreff in D\u00fcsseldorf - Design Zentrum\" \/>\n<meta name=\"twitter:description\" content=\"Der Designertreff in D\u00fcsseldorf tagt wieder am Rhein. Das n\u00e4chste Designertreffen in D\u00fcsseldorf findet am 19. Mai im Curtiz KiT statt. Der durchgestylte Raum ist unmittelbar am Rhein neben dem Apollo Theater. Alle Designinteressierten sind eingeladen. Einfach neue Ideen bekommen &hellip; Weiterlesen &rarr;\" \/>\n<meta name=\"twitter:label1\" content=\"Verfasst von\" \/>\n\t<meta name=\"twitter:data1\" content=\"admin\" \/>\n<script type=\"application\/ld+json\" class=\"yoast-schema-graph\">{\"@context\":\"https:\/\/schema.org\",\"@graph\":[{\"@type\":\"WebPage\",\"@id\":\"https:\/\/www.design-zentrum.de\/designblog\/?p=19\",\"url\":\"https:\/\/www.design-zentrum.de\/designblog\/?p=19\",\"name\":\"Designertreff in D\u00fcsseldorf - Design Zentrum\",\"isPartOf\":{\"@id\":\"https:\/\/www.design-zentrum.de\/designblog\/#website\"},\"datePublished\":\"2009-05-19T00:02:35+00:00\",\"dateModified\":\"2009-05-19T00:02:35+00:00\",\"author\":{\"@id\":\"https:\/\/www.design-zentrum.de\/designblog\/#\/schema\/person\/532a008a1f1e0ba0485bb531d92ed5de\"},\"breadcrumb\":{\"@id\":\"https:\/\/www.design-zentrum.de\/designblog\/?p=19#breadcrumb\"},\"inLanguage\":\"de\",\"potentialAction\":[{\"@type\":\"ReadAction\",\"target\":[\"https:\/\/www.design-zentrum.de\/designblog\/?p=19\"]}]},{\"@type\":\"BreadcrumbList\",\"@id\":\"https:\/\/www.design-zentrum.de\/designblog\/?p=19#breadcrumb\",\"itemListElement\":[{\"@type\":\"ListItem\",\"position\":1,\"name\":\"Startseite\",\"item\":\"https:\/\/www.design-zentrum.de\/designblog\"},{\"@type\":\"ListItem\",\"position\":2,\"name\":\"Designertreff in D\u00fcsseldorf\"}]},{\"@type\":\"WebSite\",\"@id\":\"https:\/\/www.design-zentrum.de\/designblog\/#website\",\"url\":\"https:\/\/www.design-zentrum.de\/designblog\/\",\"name\":\"Design Zentrum\",\"description\":\"Informationsplattform f\u00fcr Designer und Unternehmen\",\"potentialAction\":[{\"@type\":\"SearchAction\",\"target\":{\"@type\":\"EntryPoint\",\"urlTemplate\":\"https:\/\/www.design-zentrum.de\/designblog\/?s={search_term_string}\"},\"query-input\":\"required name=search_term_string\"}],\"inLanguage\":\"de\"},{\"@type\":\"Person\",\"@id\":\"https:\/\/www.design-zentrum.de\/designblog\/#\/schema\/person\/532a008a1f1e0ba0485bb531d92ed5de\",\"name\":\"admin\",\"image\":{\"@type\":\"ImageObject\",\"inLanguage\":\"de\",\"@id\":\"https:\/\/www.design-zentrum.de\/designblog\/#\/schema\/person\/image\/\",\"url\":\"https:\/\/secure.gravatar.com\/avatar\/626f0cb7cc7b97b5da5c2f4586d3a97c?s=96&d=mm&r=g\",\"contentUrl\":\"https:\/\/secure.gravatar.com\/avatar\/626f0cb7cc7b97b5da5c2f4586d3a97c?s=96&d=mm&r=g\",\"caption\":\"admin\"},\"url\":\"https:\/\/www.design-zentrum.de\/designblog\/?author=1\"}]}<\/script>\n<!-- \/ Yoast SEO plugin. -->","yoast_head_json":{"title":"Designertreff in D\u00fcsseldorf - Design Zentrum","robots":{"index":"index","follow":"follow","max-snippet":"max-snippet:-1","max-image-preview":"max-image-preview:large","max-video-preview":"max-video-preview:-1"},"canonical":"https:\/\/www.design-zentrum.de\/designblog\/?p=19","twitter_card":"summary_large_image","twitter_title":"Designertreff in D\u00fcsseldorf - Design Zentrum","twitter_description":"Der Designertreff in D\u00fcsseldorf tagt wieder am Rhein. Das n\u00e4chste Designertreffen in D\u00fcsseldorf findet am 19. Mai im Curtiz KiT statt. Der durchgestylte Raum ist unmittelbar am Rhein neben dem Apollo Theater. Alle Designinteressierten sind eingeladen. Einfach neue Ideen bekommen &hellip; Weiterlesen &rarr;","twitter_misc":{"Verfasst von":"admin"},"schema":{"@context":"https:\/\/schema.org","@graph":[{"@type":"WebPage","@id":"https:\/\/www.design-zentrum.de\/designblog\/?p=19","url":"https:\/\/www.design-zentrum.de\/designblog\/?p=19","name":"Designertreff in D\u00fcsseldorf - Design Zentrum","isPartOf":{"@id":"https:\/\/www.design-zentrum.de\/designblog\/#website"},"datePublished":"2009-05-19T00:02:35+00:00","dateModified":"2009-05-19T00:02:35+00:00","author":{"@id":"https:\/\/www.design-zentrum.de\/designblog\/#\/schema\/person\/532a008a1f1e0ba0485bb531d92ed5de"},"breadcrumb":{"@id":"https:\/\/www.design-zentrum.de\/designblog\/?p=19#breadcrumb"},"inLanguage":"de","potentialAction":[{"@type":"ReadAction","target":["https:\/\/www.design-zentrum.de\/designblog\/?p=19"]}]},{"@type":"BreadcrumbList","@id":"https:\/\/www.design-zentrum.de\/designblog\/?p=19#breadcrumb","itemListElement":[{"@type":"ListItem","position":1,"name":"Startseite","item":"https:\/\/www.design-zentrum.de\/designblog"},{"@type":"ListItem","position":2,"name":"Designertreff in D\u00fcsseldorf"}]},{"@type":"WebSite","@id":"https:\/\/www.design-zentrum.de\/designblog\/#website","url":"https:\/\/www.design-zentrum.de\/designblog\/","name":"Design Zentrum","description":"Informationsplattform f\u00fcr Designer und Unternehmen","potentialAction":[{"@type":"SearchAction","target":{"@type":"EntryPoint","urlTemplate":"https:\/\/www.design-zentrum.de\/designblog\/?s={search_term_string}"},"query-input":"required name=search_term_string"}],"inLanguage":"de"},{"@type":"Person","@id":"https:\/\/www.design-zentrum.de\/designblog\/#\/schema\/person\/532a008a1f1e0ba0485bb531d92ed5de","name":"admin","image":{"@type":"ImageObject","inLanguage":"de","@id":"https:\/\/www.design-zentrum.de\/designblog\/#\/schema\/person\/image\/","url":"https:\/\/secure.gravatar.com\/avatar\/626f0cb7cc7b97b5da5c2f4586d3a97c?s=96&d=mm&r=g","contentUrl":"https:\/\/secure.gravatar.com\/avatar\/626f0cb7cc7b97b5da5c2f4586d3a97c?s=96&d=mm&r=g","caption":"admin"},"url":"https:\/\/www.design-zentrum.de\/designblog\/?author=1"}]}},"_links":{"self":[{"href":"https:\/\/www.design-zentrum.de\/designblog\/index.php?rest_route=\/wp\/v2\/posts\/19"}],"collection":[{"href":"https:\/\/www.design-zentrum.de\/designblog\/index.php?rest_route=\/wp\/v2\/posts"}],"about":[{"href":"https:\/\/www.design-zentrum.de\/designblog\/index.php?rest_route=\/wp\/v2\/types\/post"}],"author":[{"embeddable":true,"href":"https:\/\/www.design-zentrum.de\/designblog\/index.php?rest_route=\/wp\/v2\/users\/1"}],"replies":[{"embeddable":true,"href":"https:\/\/www.design-zentrum.de\/designblog\/index.php?rest_route=%2Fwp%2Fv2%2Fcomments&post=19"}],"version-history":[{"count":0,"href":"https:\/\/www.design-zentrum.de\/designblog\/index.php?rest_route=\/wp\/v2\/posts\/19\/revisions"}],"wp:attachment":[{"href":"https:\/\/www.design-zentrum.de\/designblog\/index.php?rest_route=%2Fwp%2Fv2%2Fmedia&parent=19"}],"wp:term":[{"taxonomy":"category","embeddable":true,"href":"https:\/\/www.design-zentrum.de\/designblog\/index.php?rest_route=%2Fwp%2Fv2%2Fcategories&post=19"},{"taxonomy":"post_tag","embeddable":true,"href":"https:\/\/www.design-zentrum.de\/designblog\/index.php?rest_route=%2Fwp%2Fv2%2Ftags&post=19"}],"curies":[{"name":"wp","href":"https:\/\/api.w.org\/{rel}","templated":true}]}}