{"id":164,"date":"2014-11-17T15:32:18","date_gmt":"2014-11-17T15:32:18","guid":{"rendered":"http:\/\/www.design-zentrum.de\/designblog\/?p=164"},"modified":"2014-11-17T15:32:18","modified_gmt":"2014-11-17T15:32:18","slug":"the-cloud-kleiderbugel-von-essey","status":"publish","type":"post","link":"https:\/\/www.design-zentrum.de\/designblog\/?p=164","title":{"rendered":"The Cloud Kleiderb\u00fcgel von Essey"},"content":{"rendered":"<p><a href=\"http:\/\/www.design-zentrum.de\/designblog\/wp-content\/uploads\/2014\/11\/the-cloud-kleiderbuegel.jpg\"><img loading=\"lazy\" decoding=\"async\" class=\"aligncenter size-full wp-image-165\" title=\"the Cloud Kleiderb\u00fcgel\" src=\"http:\/\/www.design-zentrum.de\/designblog\/wp-content\/uploads\/2014\/11\/the-cloud-kleiderbuegel.jpg\" alt=\"the Cloud Kleiderb\u00fcgel\" width=\"500\" height=\"500\" srcset=\"https:\/\/www.design-zentrum.de\/designblog\/wp-content\/uploads\/2014\/11\/the-cloud-kleiderbuegel.jpg 500w, https:\/\/www.design-zentrum.de\/designblog\/wp-content\/uploads\/2014\/11\/the-cloud-kleiderbuegel-150x150.jpg 150w, https:\/\/www.design-zentrum.de\/designblog\/wp-content\/uploads\/2014\/11\/the-cloud-kleiderbuegel-300x300.jpg 300w\" sizes=\"(max-width: 500px) 100vw, 500px\" \/><\/a>Der The Cloud Kleiderb\u00fcgel in form einer Wolke kommt aus dem Hause Essey. Mit der Cloud sind die Designer voll im Trend. Damit hat man dann zwar nicht seine Kleider in der Wolke aber gut aussehen tut der Kleiderb\u00fcgel trotzdem. Eine leichte Holzkonstruktion mit farbigen Aussenfl\u00e4chen zeigen die Silouette einer Wolke. Da man Kleiderb\u00fcgel ja immer freischwebend in den Kleiderschrank h\u00e4ngt ist die Idee gar nicht verkehrt. Die Cloud Wolken Kleiderb\u00fcgel kommen jeweils als vierer Pack in Haus.<\/p>\n<p>&nbsp;<\/p>\n<p><a href=\"http:\/\/www.design-zentrum.de\/designblog\/wp-content\/uploads\/2014\/11\/essey-the-cloud.jpg\"><img loading=\"lazy\" decoding=\"async\" class=\"aligncenter size-full wp-image-166\" title=\"essey the Cloud\" src=\"http:\/\/www.design-zentrum.de\/designblog\/wp-content\/uploads\/2014\/11\/essey-the-cloud.jpg\" alt=\"\" width=\"500\" height=\"500\" srcset=\"https:\/\/www.design-zentrum.de\/designblog\/wp-content\/uploads\/2014\/11\/essey-the-cloud.jpg 500w, https:\/\/www.design-zentrum.de\/designblog\/wp-content\/uploads\/2014\/11\/essey-the-cloud-150x150.jpg 150w, https:\/\/www.design-zentrum.de\/designblog\/wp-content\/uploads\/2014\/11\/essey-the-cloud-300x300.jpg 300w\" sizes=\"(max-width: 500px) 100vw, 500px\" \/><\/a><\/p>\n","protected":false},"excerpt":{"rendered":"<p>Der The Cloud Kleiderb\u00fcgel in form einer Wolke kommt aus dem Hause Essey. Mit der Cloud sind die Designer voll im Trend. Damit hat man dann zwar nicht seine Kleider in der Wolke aber gut aussehen tut der Kleiderb\u00fcgel trotzdem. &hellip; <a href=\"https:\/\/www.design-zentrum.de\/designblog\/?p=164\">Weiterlesen <span class=\"meta-nav\">&rarr;<\/span><\/a><\/p>\n","protected":false},"author":1,"featured_media":0,"comment_status":"closed","ping_status":"open","sticky":false,"template":"","format":"standard","meta":{"footnotes":""},"categories":[14],"tags":[84,85,86],"yoast_head":"<!-- This site is optimized with the Yoast SEO plugin v21.6 - https:\/\/yoast.com\/wordpress\/plugins\/seo\/ -->\n<title>The Cloud Kleiderb\u00fcgel von Essey - Design Zentrum<\/title>\n<meta name=\"robots\" content=\"index, follow, max-snippet:-1, max-image-preview:large, max-video-preview:-1\" \/>\n<link rel=\"canonical\" href=\"https:\/\/www.design-zentrum.de\/designblog\/?p=164\" \/>\n<meta name=\"twitter:card\" content=\"summary_large_image\" \/>\n<meta name=\"twitter:title\" content=\"The Cloud Kleiderb\u00fcgel von Essey - Design Zentrum\" \/>\n<meta name=\"twitter:description\" content=\"Der The Cloud Kleiderb\u00fcgel in form einer Wolke kommt aus dem Hause Essey. Mit der Cloud sind die Designer voll im Trend. Damit hat man dann zwar nicht seine Kleider in der Wolke aber gut aussehen tut der Kleiderb\u00fcgel trotzdem. &hellip; Weiterlesen &rarr;\" \/>\n<meta name=\"twitter:image\" content=\"http:\/\/www.design-zentrum.de\/designblog\/wp-content\/uploads\/2014\/11\/the-cloud-kleiderbuegel.jpg\" \/>\n<meta name=\"twitter:label1\" content=\"Verfasst von\" \/>\n\t<meta name=\"twitter:data1\" content=\"admin\" \/>\n<script type=\"application\/ld+json\" class=\"yoast-schema-graph\">{\"@context\":\"https:\/\/schema.org\",\"@graph\":[{\"@type\":\"WebPage\",\"@id\":\"https:\/\/www.design-zentrum.de\/designblog\/?p=164\",\"url\":\"https:\/\/www.design-zentrum.de\/designblog\/?p=164\",\"name\":\"The Cloud Kleiderb\u00fcgel von Essey - Design Zentrum\",\"isPartOf\":{\"@id\":\"https:\/\/www.design-zentrum.de\/designblog\/#website\"},\"datePublished\":\"2014-11-17T15:32:18+00:00\",\"dateModified\":\"2014-11-17T15:32:18+00:00\",\"author\":{\"@id\":\"https:\/\/www.design-zentrum.de\/designblog\/#\/schema\/person\/532a008a1f1e0ba0485bb531d92ed5de\"},\"breadcrumb\":{\"@id\":\"https:\/\/www.design-zentrum.de\/designblog\/?p=164#breadcrumb\"},\"inLanguage\":\"de\",\"potentialAction\":[{\"@type\":\"ReadAction\",\"target\":[\"https:\/\/www.design-zentrum.de\/designblog\/?p=164\"]}]},{\"@type\":\"BreadcrumbList\",\"@id\":\"https:\/\/www.design-zentrum.de\/designblog\/?p=164#breadcrumb\",\"itemListElement\":[{\"@type\":\"ListItem\",\"position\":1,\"name\":\"Startseite\",\"item\":\"https:\/\/www.design-zentrum.de\/designblog\"},{\"@type\":\"ListItem\",\"position\":2,\"name\":\"The Cloud Kleiderb\u00fcgel von Essey\"}]},{\"@type\":\"WebSite\",\"@id\":\"https:\/\/www.design-zentrum.de\/designblog\/#website\",\"url\":\"https:\/\/www.design-zentrum.de\/designblog\/\",\"name\":\"Design Zentrum\",\"description\":\"Informationsplattform f\u00fcr Designer und Unternehmen\",\"potentialAction\":[{\"@type\":\"SearchAction\",\"target\":{\"@type\":\"EntryPoint\",\"urlTemplate\":\"https:\/\/www.design-zentrum.de\/designblog\/?s={search_term_string}\"},\"query-input\":\"required name=search_term_string\"}],\"inLanguage\":\"de\"},{\"@type\":\"Person\",\"@id\":\"https:\/\/www.design-zentrum.de\/designblog\/#\/schema\/person\/532a008a1f1e0ba0485bb531d92ed5de\",\"name\":\"admin\",\"image\":{\"@type\":\"ImageObject\",\"inLanguage\":\"de\",\"@id\":\"https:\/\/www.design-zentrum.de\/designblog\/#\/schema\/person\/image\/\",\"url\":\"https:\/\/secure.gravatar.com\/avatar\/626f0cb7cc7b97b5da5c2f4586d3a97c?s=96&d=mm&r=g\",\"contentUrl\":\"https:\/\/secure.gravatar.com\/avatar\/626f0cb7cc7b97b5da5c2f4586d3a97c?s=96&d=mm&r=g\",\"caption\":\"admin\"},\"url\":\"https:\/\/www.design-zentrum.de\/designblog\/?author=1\"}]}<\/script>\n<!-- \/ Yoast SEO plugin. -->","yoast_head_json":{"title":"The Cloud Kleiderb\u00fcgel von Essey - Design Zentrum","robots":{"index":"index","follow":"follow","max-snippet":"max-snippet:-1","max-image-preview":"max-image-preview:large","max-video-preview":"max-video-preview:-1"},"canonical":"https:\/\/www.design-zentrum.de\/designblog\/?p=164","twitter_card":"summary_large_image","twitter_title":"The Cloud Kleiderb\u00fcgel von Essey - Design Zentrum","twitter_description":"Der The Cloud Kleiderb\u00fcgel in form einer Wolke kommt aus dem Hause Essey. Mit der Cloud sind die Designer voll im Trend. Damit hat man dann zwar nicht seine Kleider in der Wolke aber gut aussehen tut der Kleiderb\u00fcgel trotzdem. &hellip; Weiterlesen &rarr;","twitter_image":"http:\/\/www.design-zentrum.de\/designblog\/wp-content\/uploads\/2014\/11\/the-cloud-kleiderbuegel.jpg","twitter_misc":{"Verfasst von":"admin"},"schema":{"@context":"https:\/\/schema.org","@graph":[{"@type":"WebPage","@id":"https:\/\/www.design-zentrum.de\/designblog\/?p=164","url":"https:\/\/www.design-zentrum.de\/designblog\/?p=164","name":"The Cloud Kleiderb\u00fcgel von Essey - Design Zentrum","isPartOf":{"@id":"https:\/\/www.design-zentrum.de\/designblog\/#website"},"datePublished":"2014-11-17T15:32:18+00:00","dateModified":"2014-11-17T15:32:18+00:00","author":{"@id":"https:\/\/www.design-zentrum.de\/designblog\/#\/schema\/person\/532a008a1f1e0ba0485bb531d92ed5de"},"breadcrumb":{"@id":"https:\/\/www.design-zentrum.de\/designblog\/?p=164#breadcrumb"},"inLanguage":"de","potentialAction":[{"@type":"ReadAction","target":["https:\/\/www.design-zentrum.de\/designblog\/?p=164"]}]},{"@type":"BreadcrumbList","@id":"https:\/\/www.design-zentrum.de\/designblog\/?p=164#breadcrumb","itemListElement":[{"@type":"ListItem","position":1,"name":"Startseite","item":"https:\/\/www.design-zentrum.de\/designblog"},{"@type":"ListItem","position":2,"name":"The Cloud Kleiderb\u00fcgel von Essey"}]},{"@type":"WebSite","@id":"https:\/\/www.design-zentrum.de\/designblog\/#website","url":"https:\/\/www.design-zentrum.de\/designblog\/","name":"Design Zentrum","description":"Informationsplattform f\u00fcr Designer und Unternehmen","potentialAction":[{"@type":"SearchAction","target":{"@type":"EntryPoint","urlTemplate":"https:\/\/www.design-zentrum.de\/designblog\/?s={search_term_string}"},"query-input":"required name=search_term_string"}],"inLanguage":"de"},{"@type":"Person","@id":"https:\/\/www.design-zentrum.de\/designblog\/#\/schema\/person\/532a008a1f1e0ba0485bb531d92ed5de","name":"admin","image":{"@type":"ImageObject","inLanguage":"de","@id":"https:\/\/www.design-zentrum.de\/designblog\/#\/schema\/person\/image\/","url":"https:\/\/secure.gravatar.com\/avatar\/626f0cb7cc7b97b5da5c2f4586d3a97c?s=96&d=mm&r=g","contentUrl":"https:\/\/secure.gravatar.com\/avatar\/626f0cb7cc7b97b5da5c2f4586d3a97c?s=96&d=mm&r=g","caption":"admin"},"url":"https:\/\/www.design-zentrum.de\/designblog\/?author=1"}]}},"_links":{"self":[{"href":"https:\/\/www.design-zentrum.de\/designblog\/index.php?rest_route=\/wp\/v2\/posts\/164"}],"collection":[{"href":"https:\/\/www.design-zentrum.de\/designblog\/index.php?rest_route=\/wp\/v2\/posts"}],"about":[{"href":"https:\/\/www.design-zentrum.de\/designblog\/index.php?rest_route=\/wp\/v2\/types\/post"}],"author":[{"embeddable":true,"href":"https:\/\/www.design-zentrum.de\/designblog\/index.php?rest_route=\/wp\/v2\/users\/1"}],"replies":[{"embeddable":true,"href":"https:\/\/www.design-zentrum.de\/designblog\/index.php?rest_route=%2Fwp%2Fv2%2Fcomments&post=164"}],"version-history":[{"count":1,"href":"https:\/\/www.design-zentrum.de\/designblog\/index.php?rest_route=\/wp\/v2\/posts\/164\/revisions"}],"predecessor-version":[{"id":167,"href":"https:\/\/www.design-zentrum.de\/designblog\/index.php?rest_route=\/wp\/v2\/posts\/164\/revisions\/167"}],"wp:attachment":[{"href":"https:\/\/www.design-zentrum.de\/designblog\/index.php?rest_route=%2Fwp%2Fv2%2Fmedia&parent=164"}],"wp:term":[{"taxonomy":"category","embeddable":true,"href":"https:\/\/www.design-zentrum.de\/designblog\/index.php?rest_route=%2Fwp%2Fv2%2Fcategories&post=164"},{"taxonomy":"post_tag","embeddable":true,"href":"https:\/\/www.design-zentrum.de\/designblog\/index.php?rest_route=%2Fwp%2Fv2%2Ftags&post=164"}],"curies":[{"name":"wp","href":"https:\/\/api.w.org\/{rel}","templated":true}]}}